{"id":15662,"date":"2025-04-02T09:53:00","date_gmt":"2025-04-02T07:53:00","guid":{"rendered":"https:\/\/www.franzjosefkaiser.com\/?p=15662"},"modified":"2025-06-27T16:12:07","modified_gmt":"2025-06-27T14:12:07","slug":"podpora-mladych-tanecnich-talentu-elen-hladikova-a-tobias-mana","status":"publish","type":"post","link":"https:\/\/www.franzjosefkaiser.com\/cs\/podpora-mladych-tanecnich-talentu-elen-hladikova-a-tobias-mana\/","title":{"rendered":"Elen Hlad\u00edkov\u00e1 a Daniel K\u0159i\u017ean: Podporujeme mlad\u00e9 talenty"},"content":{"rendered":"\n<p>M\u00e1me radost, \u017ee m\u016f\u017eeme podpo\u0159it dva talentovan\u00e9 mlad\u00e9 tane\u010dn\u00edky \u2013 Elen Hlad\u00edkovou a Daniela K\u0159i\u017eana. Jejich odhodl\u00e1n\u00ed, p\u00edle a chu\u0165 na sob\u011b pracovat ukazuj\u00ed, \u017ee \u010desk\u00e1 tane\u010dn\u00ed sc\u00e9na m\u00e1 p\u0159ed sebou zaj\u00edmavou budoucnost.<\/p>\n\n\n\n<p>Elen a Daniel reprezentuj\u00ed Tane\u010dn\u00ed klub Fortuna Zl\u00edn a spole\u010dn\u011b sout\u011b\u017e\u00ed v latinskoamerick\u00fdch i standardn\u00edch tanc\u00edch. Tvo\u0159\u00ed sehran\u00fd p\u00e1r, kter\u00fd pravideln\u011b zaujme porotu i div\u00e1ky sv\u00fdm p\u0159irozen\u00fdm projevem, technikou a souzn\u011bn\u00edm.<\/p>\n\n\n\n<p>Elen se ned\u00e1vno z\u00fa\u010dastnila mezin\u00e1rodn\u00edho Mallorca Dance Festivalu, kam se sj\u00ed\u017ed\u011bj\u00ed mlad\u00ed tane\u010dn\u00edci z r\u016fzn\u00fdch kout\u016f sv\u011bta. Z\u00e1rove\u0148 se stala finalistkou Mistrovstv\u00ed \u010cesk\u00e9 republiky 2024 v discipl\u00edn\u011b s\u00f3lo dance, kde ve standardn\u00edch tanc\u00edch obsadila 5. m\u00edsto a latinskoamerick\u00fdch tanc\u00edch 4. m\u00edsto. Spole\u010dn\u011b s Danielem se nav\u00edc protan\u010dili a\u017e do tane\u010dn\u00ed t\u0159\u00eddy A \u2013 jedn\u00e9 z nejvy\u0161\u0161\u00edch v\u00fdkonnostn\u00edch kategori\u00ed ve sportovn\u00edm tanci.<\/p>\n\n\n\n<p>Daniel je v\u00fdraznou osobnost\u00ed mlad\u00e9 tane\u010dn\u00ed generace a s Elen tvo\u0159\u00ed dvojici, kter\u00e1 je d\u016fkazem, \u017ee \u00fasp\u011bch nevznik\u00e1 p\u0159es noc, ale je v\u00fdsledkem soustavn\u00e9ho \u00fasil\u00ed, t\u00fdmov\u00e9 spolupr\u00e1ce a vz\u00e1jemn\u00e9 podpory.<\/p>\n\n\n\n<p>Jsme r\u00e1di, \u017ee je m\u016f\u017eeme na jejich cest\u011b za \u00fasp\u011bchy doprov\u00e1zet a t\u011b\u0161\u00edme se, kam a\u017e je jejich talent a nasazen\u00ed zavedou. Elen i Danielovi p\u0159ejeme hodn\u011b \u0161t\u011bst\u00ed a radosti z tance i \u017eivota.<\/p>\n\n\n\n<div class=\"wp-block-group\"><div class=\"wp-block-group__inner-container is-layout-flow wp-block-group-is-layout-flow\">\n<figure class=\"wp-block-gallery has-nested-images columns-default is-cropped wp-block-gallery-1 is-layout-flex wp-block-gallery-is-layout-flex\">\n<figure class=\"wp-block-image size-large\"><img loading=\"lazy\" decoding=\"async\" width=\"768\" height=\"1024\" data-id=\"15807\" src=\"https:\/\/www.franzjosefkaiser.com\/wp-content\/uploads\/2025\/04\/3dfbc107-35a3-4f67-9a69-f3f5eee60011-768x1024.jpg\" alt=\"\" class=\"wp-image-15807\" srcset=\"https:\/\/www.franzjosefkaiser.com\/wp-content\/uploads\/2025\/04\/3dfbc107-35a3-4f67-9a69-f3f5eee60011-768x1024.jpg 768w, https:\/\/www.franzjosefkaiser.com\/wp-content\/uploads\/2025\/04\/3dfbc107-35a3-4f67-9a69-f3f5eee60011-225x300.jpg 225w, https:\/\/www.franzjosefkaiser.com\/wp-content\/uploads\/2025\/04\/3dfbc107-35a3-4f67-9a69-f3f5eee60011-1152x1536.jpg 1152w, https:\/\/www.franzjosefkaiser.com\/wp-content\/uploads\/2025\/04\/3dfbc107-35a3-4f67-9a69-f3f5eee60011-450x600.jpg 450w, https:\/\/www.franzjosefkaiser.com\/wp-content\/uploads\/2025\/04\/3dfbc107-35a3-4f67-9a69-f3f5eee60011-1200x1600.jpg 1200w, https:\/\/www.franzjosefkaiser.com\/wp-content\/uploads\/2025\/04\/3dfbc107-35a3-4f67-9a69-f3f5eee60011.jpg 1536w\" sizes=\"auto, (max-width: 768px) 100vw, 768px\" \/><\/figure>\n\n\n\n<figure class=\"wp-block-image size-medium\"><img loading=\"lazy\" decoding=\"async\" width=\"768\" height=\"1024\" data-id=\"15737\" src=\"https:\/\/www.franzjosefkaiser.com\/wp-content\/uploads\/2025\/04\/469781725_1114204700712217_7751944541016858830_n-4-768x1024.jpg\" alt=\"\" class=\"wp-image-15737\"\/><\/figure>\n\n\n\n<figure class=\"wp-block-image size-medium\"><img loading=\"lazy\" decoding=\"async\" width=\"768\" height=\"1024\" data-id=\"15736\" src=\"https:\/\/www.franzjosefkaiser.com\/wp-content\/uploads\/2025\/04\/ImportedPhoto.765732306.340678-2-768x1024.jpeg\" alt=\"\" class=\"wp-image-15736\" srcset=\"https:\/\/www.franzjosefkaiser.com\/wp-content\/uploads\/2025\/04\/ImportedPhoto.765732306.340678-2-768x1024.jpeg 768w, https:\/\/www.franzjosefkaiser.com\/wp-content\/uploads\/2025\/04\/ImportedPhoto.765732306.340678-2-225x300.jpeg 225w, https:\/\/www.franzjosefkaiser.com\/wp-content\/uploads\/2025\/04\/ImportedPhoto.765732306.340678-2-1152x1536.jpeg 1152w, https:\/\/www.franzjosefkaiser.com\/wp-content\/uploads\/2025\/04\/ImportedPhoto.765732306.340678-2-450x600.jpeg 450w, https:\/\/www.franzjosefkaiser.com\/wp-content\/uploads\/2025\/04\/ImportedPhoto.765732306.340678-2.jpeg 1200w\" sizes=\"auto, (max-width: 768px) 100vw, 768px\" \/><\/figure>\n<\/figure>\n<\/div><\/div>\n","protected":false},"excerpt":{"rendered":"<p>M\u00e1me radost, \u017ee m\u016f\u017eeme podpo\u0159it dva talentovan\u00e9 mlad\u00e9 tane\u010dn\u00edky \u2013 Elen Hlad\u00edkovou a Daniela K\u0159i\u017eana. Jejich odhodl\u00e1n\u00ed, p\u00edle a chu\u0165 na sob\u011b pracovat ukazuj\u00ed, \u017ee \u010desk\u00e1 tane\u010dn\u00ed sc\u00e9na m\u00e1 p\u0159ed sebou zaj\u00edmavou budoucnost. Elen a Daniel reprezentuj\u00ed Tane\u010dn\u00ed klub Fortuna Zl\u00edn a spole\u010dn\u011b sout\u011b\u017e\u00ed v latinskoamerick\u00fdch i standardn\u00edch tanc\u00edch. Tvo\u0159\u00ed sehran\u00fd p\u00e1r, kter\u00fd pravideln\u011b zaujme [&hellip;]<\/p>\n","protected":false},"author":4,"featured_media":0,"comment_status":"open","ping_status":"open","sticky":false,"template":"","format":"standard","meta":{"footnotes":""},"categories":[181],"tags":[],"class_list":["post-15662","post","type-post","status-publish","format-standard","hentry","category-podporujeme"],"acf":[],"yoast_head":"<!-- This site is optimized with the Yoast SEO plugin v27.0 - https:\/\/yoast.com\/product\/yoast-seo-wordpress\/ -->\n<title>Elen Hlad\u00edkov\u00e1 a Daniel K\u0159i\u017ean: Podporujeme mlad\u00e9 talenty - FRANZ JOSEF KAISER<\/title>\n<meta name=\"robots\" content=\"index, follow, max-snippet:-1, max-image-preview:large, max-video-preview:-1\" \/>\n<link rel=\"canonical\" href=\"https:\/\/www.franzjosefkaiser.com\/cs\/podpora-mladych-tanecnich-talentu-elen-hladikova-a-tobias-mana\/\" \/>\n<meta property=\"og:locale\" content=\"cs_CZ\" \/>\n<meta property=\"og:type\" content=\"article\" \/>\n<meta property=\"og:title\" content=\"Elen Hlad\u00edkov\u00e1 a Daniel K\u0159i\u017ean: Podporujeme mlad\u00e9 talenty - FRANZ JOSEF KAISER\" \/>\n<meta property=\"og:description\" content=\"M\u00e1me radost, \u017ee m\u016f\u017eeme podpo\u0159it dva talentovan\u00e9 mlad\u00e9 tane\u010dn\u00edky \u2013 Elen Hlad\u00edkovou a Daniela K\u0159i\u017eana. Jejich odhodl\u00e1n\u00ed, p\u00edle a chu\u0165 na sob\u011b pracovat ukazuj\u00ed, \u017ee \u010desk\u00e1 tane\u010dn\u00ed sc\u00e9na m\u00e1 p\u0159ed sebou zaj\u00edmavou budoucnost. Elen a Daniel reprezentuj\u00ed Tane\u010dn\u00ed klub Fortuna Zl\u00edn a spole\u010dn\u011b sout\u011b\u017e\u00ed v latinskoamerick\u00fdch i standardn\u00edch tanc\u00edch. Tvo\u0159\u00ed sehran\u00fd p\u00e1r, kter\u00fd pravideln\u011b zaujme [&hellip;]\" \/>\n<meta property=\"og:url\" content=\"https:\/\/www.franzjosefkaiser.com\/cs\/podpora-mladych-tanecnich-talentu-elen-hladikova-a-tobias-mana\/\" \/>\n<meta property=\"og:site_name\" content=\"FRANZ JOSEF KAISER\" \/>\n<meta property=\"article:published_time\" content=\"2025-04-02T07:53:00+00:00\" \/>\n<meta property=\"article:modified_time\" content=\"2025-06-27T14:12:07+00:00\" \/>\n<meta property=\"og:image\" content=\"https:\/\/www.franzjosefkaiser.com\/wp-content\/uploads\/2025\/04\/Navrh-bez-nazvu-8.jpg\" \/>\n<meta name=\"author\" content=\"FRANZ JOSEF KAISER\" \/>\n<meta name=\"twitter:card\" content=\"summary_large_image\" \/>\n<meta name=\"twitter:image\" content=\"https:\/\/www.franzjosefkaiser.com\/wp-content\/uploads\/2025\/04\/Navrh-bez-nazvu-8.jpg\" \/>\n<meta name=\"twitter:label1\" content=\"Napsal(a)\" \/>\n\t<meta name=\"twitter:data1\" content=\"FRANZ JOSEF KAISER\" \/>\n\t<meta name=\"twitter:label2\" content=\"Odhadovan\u00e1 doba \u010dten\u00ed\" \/>\n\t<meta name=\"twitter:data2\" content=\"2 minuty\" \/>\n<script type=\"application\/ld+json\" class=\"yoast-schema-graph\">{\"@context\":\"https:\/\/schema.org\",\"@graph\":[{\"@type\":\"Article\",\"@id\":\"https:\/\/www.franzjosefkaiser.com\/cs\/podpora-mladych-tanecnich-talentu-elen-hladikova-a-tobias-mana\/#article\",\"isPartOf\":{\"@id\":\"https:\/\/www.franzjosefkaiser.com\/cs\/podpora-mladych-tanecnich-talentu-elen-hladikova-a-tobias-mana\/\"},\"author\":{\"name\":\"FRANZ JOSEF KAISER\",\"@id\":\"https:\/\/www.franzjosefkaiser.com\/cs\/#\/schema\/person\/93d860210b56e4becf13b918428c54cb\"},\"headline\":\"Elen Hlad\u00edkov\u00e1 a Daniel K\u0159i\u017ean: Podporujeme mlad\u00e9 talenty\",\"datePublished\":\"2025-04-02T07:53:00+00:00\",\"dateModified\":\"2025-06-27T14:12:07+00:00\",\"mainEntityOfPage\":{\"@id\":\"https:\/\/www.franzjosefkaiser.com\/cs\/podpora-mladych-tanecnich-talentu-elen-hladikova-a-tobias-mana\/\"},\"wordCount\":268,\"commentCount\":0,\"publisher\":{\"@id\":\"https:\/\/www.franzjosefkaiser.com\/cs\/#organization\"},\"image\":{\"@id\":\"https:\/\/www.franzjosefkaiser.com\/cs\/podpora-mladych-tanecnich-talentu-elen-hladikova-a-tobias-mana\/#primaryimage\"},\"thumbnailUrl\":\"https:\/\/www.franzjosefkaiser.com\/wp-content\/uploads\/2025\/04\/3dfbc107-35a3-4f67-9a69-f3f5eee60011-768x1024.jpg\",\"articleSection\":[\"Podporujeme\"],\"inLanguage\":\"cs\",\"potentialAction\":[{\"@type\":\"CommentAction\",\"name\":\"Comment\",\"target\":[\"https:\/\/www.franzjosefkaiser.com\/cs\/podpora-mladych-tanecnich-talentu-elen-hladikova-a-tobias-mana\/#respond\"]}]},{\"@type\":\"WebPage\",\"@id\":\"https:\/\/www.franzjosefkaiser.com\/cs\/podpora-mladych-tanecnich-talentu-elen-hladikova-a-tobias-mana\/\",\"url\":\"https:\/\/www.franzjosefkaiser.com\/cs\/podpora-mladych-tanecnich-talentu-elen-hladikova-a-tobias-mana\/\",\"name\":\"Elen Hlad\u00edkov\u00e1 a Daniel K\u0159i\u017ean: Podporujeme mlad\u00e9 talenty - FRANZ JOSEF KAISER\",\"isPartOf\":{\"@id\":\"https:\/\/www.franzjosefkaiser.com\/cs\/#website\"},\"primaryImageOfPage\":{\"@id\":\"https:\/\/www.franzjosefkaiser.com\/cs\/podpora-mladych-tanecnich-talentu-elen-hladikova-a-tobias-mana\/#primaryimage\"},\"image\":{\"@id\":\"https:\/\/www.franzjosefkaiser.com\/cs\/podpora-mladych-tanecnich-talentu-elen-hladikova-a-tobias-mana\/#primaryimage\"},\"thumbnailUrl\":\"https:\/\/www.franzjosefkaiser.com\/wp-content\/uploads\/2025\/04\/3dfbc107-35a3-4f67-9a69-f3f5eee60011-768x1024.jpg\",\"datePublished\":\"2025-04-02T07:53:00+00:00\",\"dateModified\":\"2025-06-27T14:12:07+00:00\",\"breadcrumb\":{\"@id\":\"https:\/\/www.franzjosefkaiser.com\/cs\/podpora-mladych-tanecnich-talentu-elen-hladikova-a-tobias-mana\/#breadcrumb\"},\"inLanguage\":\"cs\",\"potentialAction\":[{\"@type\":\"ReadAction\",\"target\":[\"https:\/\/www.franzjosefkaiser.com\/cs\/podpora-mladych-tanecnich-talentu-elen-hladikova-a-tobias-mana\/\"]}]},{\"@type\":\"ImageObject\",\"inLanguage\":\"cs\",\"@id\":\"https:\/\/www.franzjosefkaiser.com\/cs\/podpora-mladych-tanecnich-talentu-elen-hladikova-a-tobias-mana\/#primaryimage\",\"url\":\"https:\/\/www.franzjosefkaiser.com\/wp-content\/uploads\/2025\/04\/3dfbc107-35a3-4f67-9a69-f3f5eee60011-768x1024.jpg\",\"contentUrl\":\"https:\/\/www.franzjosefkaiser.com\/wp-content\/uploads\/2025\/04\/3dfbc107-35a3-4f67-9a69-f3f5eee60011-768x1024.jpg\"},{\"@type\":\"BreadcrumbList\",\"@id\":\"https:\/\/www.franzjosefkaiser.com\/cs\/podpora-mladych-tanecnich-talentu-elen-hladikova-a-tobias-mana\/#breadcrumb\",\"itemListElement\":[{\"@type\":\"ListItem\",\"position\":1,\"name\":\"Dom\u016f\",\"item\":\"https:\/\/www.franzjosefkaiser.com\/cs\/\"},{\"@type\":\"ListItem\",\"position\":2,\"name\":\"Elen Hlad\u00edkov\u00e1 a Daniel K\u0159i\u017ean: Podporujeme mlad\u00e9 talenty\"}]},{\"@type\":\"WebSite\",\"@id\":\"https:\/\/www.franzjosefkaiser.com\/cs\/#website\",\"url\":\"https:\/\/www.franzjosefkaiser.com\/cs\/\",\"name\":\"FRANZ JOSEF KAISER\",\"description\":\"\",\"publisher\":{\"@id\":\"https:\/\/www.franzjosefkaiser.com\/cs\/#organization\"},\"potentialAction\":[{\"@type\":\"SearchAction\",\"target\":{\"@type\":\"EntryPoint\",\"urlTemplate\":\"https:\/\/www.franzjosefkaiser.com\/cs\/?s={search_term_string}\"},\"query-input\":{\"@type\":\"PropertyValueSpecification\",\"valueRequired\":true,\"valueName\":\"search_term_string\"}}],\"inLanguage\":\"cs\"},{\"@type\":\"Organization\",\"@id\":\"https:\/\/www.franzjosefkaiser.com\/cs\/#organization\",\"name\":\"GASTON, s.r.o.\",\"url\":\"https:\/\/www.franzjosefkaiser.com\/cs\/\",\"logo\":{\"@type\":\"ImageObject\",\"inLanguage\":\"cs\",\"@id\":\"https:\/\/www.franzjosefkaiser.com\/cs\/#\/schema\/logo\/image\/\",\"url\":\"https:\/\/www.franzjosefkaiser.com\/wp-content\/uploads\/2019\/10\/fj_logo.png\",\"contentUrl\":\"https:\/\/www.franzjosefkaiser.com\/wp-content\/uploads\/2019\/10\/fj_logo.png\",\"width\":770,\"height\":741,\"caption\":\"GASTON, s.r.o.\"},\"image\":{\"@id\":\"https:\/\/www.franzjosefkaiser.com\/cs\/#\/schema\/logo\/image\/\"}},{\"@type\":\"Person\",\"@id\":\"https:\/\/www.franzjosefkaiser.com\/cs\/#\/schema\/person\/93d860210b56e4becf13b918428c54cb\",\"name\":\"FRANZ JOSEF KAISER\",\"image\":{\"@type\":\"ImageObject\",\"inLanguage\":\"cs\",\"@id\":\"https:\/\/www.franzjosefkaiser.com\/cs\/#\/schema\/person\/image\/\",\"url\":\"https:\/\/secure.gravatar.com\/avatar\/c4d9406ef83c90e4349f88e9644c24948c0bbec428d3de93aa14bfa69b1e1be5?s=96&d=mm&r=g\",\"contentUrl\":\"https:\/\/secure.gravatar.com\/avatar\/c4d9406ef83c90e4349f88e9644c24948c0bbec428d3de93aa14bfa69b1e1be5?s=96&d=mm&r=g\",\"caption\":\"FRANZ JOSEF KAISER\"}}]}<\/script>\n<!-- \/ Yoast SEO plugin. -->","yoast_head_json":{"title":"Elen Hlad\u00edkov\u00e1 a Daniel K\u0159i\u017ean: Podporujeme mlad\u00e9 talenty - FRANZ JOSEF KAISER","robots":{"index":"index","follow":"follow","max-snippet":"max-snippet:-1","max-image-preview":"max-image-preview:large","max-video-preview":"max-video-preview:-1"},"canonical":"https:\/\/www.franzjosefkaiser.com\/cs\/podpora-mladych-tanecnich-talentu-elen-hladikova-a-tobias-mana\/","og_locale":"cs_CZ","og_type":"article","og_title":"Elen Hlad\u00edkov\u00e1 a Daniel K\u0159i\u017ean: Podporujeme mlad\u00e9 talenty - FRANZ JOSEF KAISER","og_description":"M\u00e1me radost, \u017ee m\u016f\u017eeme podpo\u0159it dva talentovan\u00e9 mlad\u00e9 tane\u010dn\u00edky \u2013 Elen Hlad\u00edkovou a Daniela K\u0159i\u017eana. Jejich odhodl\u00e1n\u00ed, p\u00edle a chu\u0165 na sob\u011b pracovat ukazuj\u00ed, \u017ee \u010desk\u00e1 tane\u010dn\u00ed sc\u00e9na m\u00e1 p\u0159ed sebou zaj\u00edmavou budoucnost. Elen a Daniel reprezentuj\u00ed Tane\u010dn\u00ed klub Fortuna Zl\u00edn a spole\u010dn\u011b sout\u011b\u017e\u00ed v latinskoamerick\u00fdch i standardn\u00edch tanc\u00edch. Tvo\u0159\u00ed sehran\u00fd p\u00e1r, kter\u00fd pravideln\u011b zaujme [&hellip;]","og_url":"https:\/\/www.franzjosefkaiser.com\/cs\/podpora-mladych-tanecnich-talentu-elen-hladikova-a-tobias-mana\/","og_site_name":"FRANZ JOSEF KAISER","article_published_time":"2025-04-02T07:53:00+00:00","article_modified_time":"2025-06-27T14:12:07+00:00","og_image":[{"url":"https:\/\/www.franzjosefkaiser.com\/wp-content\/uploads\/2025\/04\/Navrh-bez-nazvu-8.jpg","type":"","width":"","height":""}],"author":"FRANZ JOSEF KAISER","twitter_card":"summary_large_image","twitter_image":"https:\/\/www.franzjosefkaiser.com\/wp-content\/uploads\/2025\/04\/Navrh-bez-nazvu-8.jpg","twitter_misc":{"Napsal(a)":"FRANZ JOSEF KAISER","Odhadovan\u00e1 doba \u010dten\u00ed":"2 minuty"},"schema":{"@context":"https:\/\/schema.org","@graph":[{"@type":"Article","@id":"https:\/\/www.franzjosefkaiser.com\/cs\/podpora-mladych-tanecnich-talentu-elen-hladikova-a-tobias-mana\/#article","isPartOf":{"@id":"https:\/\/www.franzjosefkaiser.com\/cs\/podpora-mladych-tanecnich-talentu-elen-hladikova-a-tobias-mana\/"},"author":{"name":"FRANZ JOSEF KAISER","@id":"https:\/\/www.franzjosefkaiser.com\/cs\/#\/schema\/person\/93d860210b56e4becf13b918428c54cb"},"headline":"Elen Hlad\u00edkov\u00e1 a Daniel K\u0159i\u017ean: Podporujeme mlad\u00e9 talenty","datePublished":"2025-04-02T07:53:00+00:00","dateModified":"2025-06-27T14:12:07+00:00","mainEntityOfPage":{"@id":"https:\/\/www.franzjosefkaiser.com\/cs\/podpora-mladych-tanecnich-talentu-elen-hladikova-a-tobias-mana\/"},"wordCount":268,"commentCount":0,"publisher":{"@id":"https:\/\/www.franzjosefkaiser.com\/cs\/#organization"},"image":{"@id":"https:\/\/www.franzjosefkaiser.com\/cs\/podpora-mladych-tanecnich-talentu-elen-hladikova-a-tobias-mana\/#primaryimage"},"thumbnailUrl":"https:\/\/www.franzjosefkaiser.com\/wp-content\/uploads\/2025\/04\/3dfbc107-35a3-4f67-9a69-f3f5eee60011-768x1024.jpg","articleSection":["Podporujeme"],"inLanguage":"cs","potentialAction":[{"@type":"CommentAction","name":"Comment","target":["https:\/\/www.franzjosefkaiser.com\/cs\/podpora-mladych-tanecnich-talentu-elen-hladikova-a-tobias-mana\/#respond"]}]},{"@type":"WebPage","@id":"https:\/\/www.franzjosefkaiser.com\/cs\/podpora-mladych-tanecnich-talentu-elen-hladikova-a-tobias-mana\/","url":"https:\/\/www.franzjosefkaiser.com\/cs\/podpora-mladych-tanecnich-talentu-elen-hladikova-a-tobias-mana\/","name":"Elen Hlad\u00edkov\u00e1 a Daniel K\u0159i\u017ean: Podporujeme mlad\u00e9 talenty - FRANZ JOSEF KAISER","isPartOf":{"@id":"https:\/\/www.franzjosefkaiser.com\/cs\/#website"},"primaryImageOfPage":{"@id":"https:\/\/www.franzjosefkaiser.com\/cs\/podpora-mladych-tanecnich-talentu-elen-hladikova-a-tobias-mana\/#primaryimage"},"image":{"@id":"https:\/\/www.franzjosefkaiser.com\/cs\/podpora-mladych-tanecnich-talentu-elen-hladikova-a-tobias-mana\/#primaryimage"},"thumbnailUrl":"https:\/\/www.franzjosefkaiser.com\/wp-content\/uploads\/2025\/04\/3dfbc107-35a3-4f67-9a69-f3f5eee60011-768x1024.jpg","datePublished":"2025-04-02T07:53:00+00:00","dateModified":"2025-06-27T14:12:07+00:00","breadcrumb":{"@id":"https:\/\/www.franzjosefkaiser.com\/cs\/podpora-mladych-tanecnich-talentu-elen-hladikova-a-tobias-mana\/#breadcrumb"},"inLanguage":"cs","potentialAction":[{"@type":"ReadAction","target":["https:\/\/www.franzjosefkaiser.com\/cs\/podpora-mladych-tanecnich-talentu-elen-hladikova-a-tobias-mana\/"]}]},{"@type":"ImageObject","inLanguage":"cs","@id":"https:\/\/www.franzjosefkaiser.com\/cs\/podpora-mladych-tanecnich-talentu-elen-hladikova-a-tobias-mana\/#primaryimage","url":"https:\/\/www.franzjosefkaiser.com\/wp-content\/uploads\/2025\/04\/3dfbc107-35a3-4f67-9a69-f3f5eee60011-768x1024.jpg","contentUrl":"https:\/\/www.franzjosefkaiser.com\/wp-content\/uploads\/2025\/04\/3dfbc107-35a3-4f67-9a69-f3f5eee60011-768x1024.jpg"},{"@type":"BreadcrumbList","@id":"https:\/\/www.franzjosefkaiser.com\/cs\/podpora-mladych-tanecnich-talentu-elen-hladikova-a-tobias-mana\/#breadcrumb","itemListElement":[{"@type":"ListItem","position":1,"name":"Dom\u016f","item":"https:\/\/www.franzjosefkaiser.com\/cs\/"},{"@type":"ListItem","position":2,"name":"Elen Hlad\u00edkov\u00e1 a Daniel K\u0159i\u017ean: Podporujeme mlad\u00e9 talenty"}]},{"@type":"WebSite","@id":"https:\/\/www.franzjosefkaiser.com\/cs\/#website","url":"https:\/\/www.franzjosefkaiser.com\/cs\/","name":"FRANZ JOSEF KAISER","description":"","publisher":{"@id":"https:\/\/www.franzjosefkaiser.com\/cs\/#organization"},"potentialAction":[{"@type":"SearchAction","target":{"@type":"EntryPoint","urlTemplate":"https:\/\/www.franzjosefkaiser.com\/cs\/?s={search_term_string}"},"query-input":{"@type":"PropertyValueSpecification","valueRequired":true,"valueName":"search_term_string"}}],"inLanguage":"cs"},{"@type":"Organization","@id":"https:\/\/www.franzjosefkaiser.com\/cs\/#organization","name":"GASTON, s.r.o.","url":"https:\/\/www.franzjosefkaiser.com\/cs\/","logo":{"@type":"ImageObject","inLanguage":"cs","@id":"https:\/\/www.franzjosefkaiser.com\/cs\/#\/schema\/logo\/image\/","url":"https:\/\/www.franzjosefkaiser.com\/wp-content\/uploads\/2019\/10\/fj_logo.png","contentUrl":"https:\/\/www.franzjosefkaiser.com\/wp-content\/uploads\/2019\/10\/fj_logo.png","width":770,"height":741,"caption":"GASTON, s.r.o."},"image":{"@id":"https:\/\/www.franzjosefkaiser.com\/cs\/#\/schema\/logo\/image\/"}},{"@type":"Person","@id":"https:\/\/www.franzjosefkaiser.com\/cs\/#\/schema\/person\/93d860210b56e4becf13b918428c54cb","name":"FRANZ JOSEF KAISER","image":{"@type":"ImageObject","inLanguage":"cs","@id":"https:\/\/www.franzjosefkaiser.com\/cs\/#\/schema\/person\/image\/","url":"https:\/\/secure.gravatar.com\/avatar\/c4d9406ef83c90e4349f88e9644c24948c0bbec428d3de93aa14bfa69b1e1be5?s=96&d=mm&r=g","contentUrl":"https:\/\/secure.gravatar.com\/avatar\/c4d9406ef83c90e4349f88e9644c24948c0bbec428d3de93aa14bfa69b1e1be5?s=96&d=mm&r=g","caption":"FRANZ JOSEF KAISER"}}]}},"_links":{"self":[{"href":"https:\/\/www.franzjosefkaiser.com\/cs\/wp-json\/wp\/v2\/posts\/15662","targetHints":{"allow":["GET"]}}],"collection":[{"href":"https:\/\/www.franzjosefkaiser.com\/cs\/wp-json\/wp\/v2\/posts"}],"about":[{"href":"https:\/\/www.franzjosefkaiser.com\/cs\/wp-json\/wp\/v2\/types\/post"}],"author":[{"embeddable":true,"href":"https:\/\/www.franzjosefkaiser.com\/cs\/wp-json\/wp\/v2\/users\/4"}],"replies":[{"embeddable":true,"href":"https:\/\/www.franzjosefkaiser.com\/cs\/wp-json\/wp\/v2\/comments?post=15662"}],"version-history":[{"count":15,"href":"https:\/\/www.franzjosefkaiser.com\/cs\/wp-json\/wp\/v2\/posts\/15662\/revisions"}],"predecessor-version":[{"id":16082,"href":"https:\/\/www.franzjosefkaiser.com\/cs\/wp-json\/wp\/v2\/posts\/15662\/revisions\/16082"}],"wp:attachment":[{"href":"https:\/\/www.franzjosefkaiser.com\/cs\/wp-json\/wp\/v2\/media?parent=15662"}],"wp:term":[{"taxonomy":"category","embeddable":true,"href":"https:\/\/www.franzjosefkaiser.com\/cs\/wp-json\/wp\/v2\/categories?post=15662"},{"taxonomy":"post_tag","embeddable":true,"href":"https:\/\/www.franzjosefkaiser.com\/cs\/wp-json\/wp\/v2\/tags?post=15662"}],"curies":[{"name":"wp","href":"https:\/\/api.w.org\/{rel}","templated":true}]}}