{"id":2332,"date":"2021-11-29T20:45:56","date_gmt":"2021-11-29T19:45:56","guid":{"rendered":"https:\/\/www.franzjosefkaiser.com\/?p=2332"},"modified":"2021-11-29T22:01:47","modified_gmt":"2021-11-29T21:01:47","slug":"olivy-dar-olympskych-bohu","status":"publish","type":"post","link":"https:\/\/www.franzjosefkaiser.com\/cs\/olivy-dar-olympskych-bohu\/","title":{"rendered":"Olivy: Dar olympsk\u00fdch boh\u016f"},"content":{"rendered":"\n<p><em>Asi m\u00e1lokomu\nzachutnaly olivy hned napoprv\u00e9. Pokud jste ov\u0161em s\u00e1hli po kvalitn\u00edch plodech,\nkter\u00e9 jsou pln\u00e9 slunce, v\u016fn\u011b d\u00e1lek a autentick\u00e9\nchuti, vsad\u00edme se, \u017ee u\u017e napodruh\u00e9 si v\u00e1s opojn\u00fd slano-trpk\u00fd pocit v \u00fastech\nzcela podmanil. <\/em><strong><\/strong><\/p>\n\n\n\n<div style=\"height:30px\" aria-hidden=\"true\" class=\"wp-block-spacer\"><\/div>\n\n\n\n<h4 class=\"wp-block-heading\"><strong>V\u00edte, \u017ee\u2026?<\/strong><\/h4>\n\n\n\n<blockquote class=\"wp-block-quote is-layout-flow wp-block-quote-is-layout-flow\"><p>V\u00a0\u0159eck\u00e9 mytologii najdeme p\u0159\u00edb\u011bh, v\u00a0n\u011bm\u017e se bohyn\u011b moudrosti a v\u00e1lky Ath\u00e9na dostala do sporu s\u00a0vl\u00e1dcem mo\u0159\u00ed Poseid\u00f3nem o vl\u00e1du nad Attikou. Rozhodnout m\u011bl kr\u00e1l Kekrops na z\u00e1klad\u011b toho, kter\u00fd z\u00a0boh\u016f v\u011bnuje m\u011bstu Kekropia vz\u00e1cn\u011bj\u0161\u00ed dar\u2026 Zv\u00edt\u011bzila Ath\u00e9na, kter\u00e1 m\u011bstu darovala olivovn\u00edk, kde\u017eto Poseid\u00f3n \u201ejen\u201c pramen slan\u00e9 vody. Na po\u010dest v\u00edt\u011bzn\u00e9 bohyn\u011b pak dostalo toto v\u00fdznamn\u00e9 m\u011bsto jm\u00e9no Ath\u00e9ny. <\/p><\/blockquote>\n\n\n\n<div style=\"height:30px\" aria-hidden=\"true\" class=\"wp-block-spacer\"><\/div>\n\n\n\n<figure class=\"wp-block-image\"><img loading=\"lazy\" decoding=\"async\" width=\"1024\" height=\"683\" src=\"https:\/\/www.franzjosefkaiser.com\/wp-content\/uploads\/2020\/02\/Depositphotos_28839815_xl-2015-1024x683.jpg\" alt=\"\" class=\"wp-image-2338\" srcset=\"https:\/\/www.franzjosefkaiser.com\/wp-content\/uploads\/2020\/02\/Depositphotos_28839815_xl-2015-1024x683.jpg 1024w, https:\/\/www.franzjosefkaiser.com\/wp-content\/uploads\/2020\/02\/Depositphotos_28839815_xl-2015-300x200.jpg 300w, https:\/\/www.franzjosefkaiser.com\/wp-content\/uploads\/2020\/02\/Depositphotos_28839815_xl-2015-768x512.jpg 768w, https:\/\/www.franzjosefkaiser.com\/wp-content\/uploads\/2020\/02\/Depositphotos_28839815_xl-2015-600x400.jpg 600w, https:\/\/www.franzjosefkaiser.com\/wp-content\/uploads\/2020\/02\/Depositphotos_28839815_xl-2015-1200x800.jpg 1200w\" sizes=\"auto, (max-width: 1024px) 100vw, 1024px\" \/><\/figure>\n\n\n\n<div style=\"height:30px\" aria-hidden=\"true\" class=\"wp-block-spacer\"><\/div>\n\n\n\n<h2 class=\"wp-block-heading\"><strong>\u010cern\u00e9, nebo zelen\u00e9?<\/strong><\/h2>\n\n\n\n<p>V&nbsp;obchodech se setk\u00e1te se dv\u011bma typy oliv \u2013\nzelen\u00fdmi a \u010dern\u00fdmi. Zelen\u00e9 olivy jsou nedozr\u00e1l\u00e9 plody sklizen\u00e9 pot\u00e9, co\ndos\u00e1hly&nbsp;pln\u00e9 velikosti. Pokud\nse nechaj\u00ed d\u00e1l zr\u00e1t na strom\u011b, z\u00edsk\u00e1vaj\u00ed pak r\u016fzn\u00e9 odst\u00edny hn\u011bd\u00e9, \u010derven\u00e9 a\nfialov\u00e9 barvy. Z&nbsp;nich se\nnej\u010dast\u011bji za studena lisuje extra panensk\u00fd olivov\u00fd olej. N\u011bkter\u00e9 odr\u016fdy oliv,\njako jsou \u0159eck\u00e9 kalamata olivy, se tak\u00e9 nakl\u00e1daj\u00ed a pozn\u00e1te je podle n\u00e1dhern\u011b\ntmavofialov\u00e9 barvy a ov\u00e1ln\u00e9ho tvaru.<\/p>\n\n\n\n<p>\u010cern\u00e9 olivy, kter\u00e9 jsou\nb\u011b\u017en\u011b dostupn\u00e9 na na\u0161em trhu, na strom\u011b nenajdete. Jedn\u00e1 se o zelen\u00e9 olivy\npoch\u00e1zej\u00edc\u00ed obvykle ze \u0160pan\u011blska, kter\u00e9 pro\u0161ly procesem oxidace, b\u011bhem n\u011bho\u017e\nzm\u011bnily barvu.<\/p>\n\n\n\n<p>Ve St\u0159edomo\u0159\u00ed se p\u011bstuje\nolivovn\u00edk evropsk\u00fd, v\u00edce ne\u017e polovinu jich najdeme v&nbsp;It\u00e1lii, \u0160pan\u011blsku a\n\u0158ecku. Sklize\u0148 se odehr\u00e1v\u00e1 od podzimu do zimy, a to bu\u010f ru\u010dn\u00ed, nebo\nmechanick\u00e1. P\u0159edt\u00edm, ne\u017e se olivy daj\u00ed j\u00edst, ale\nmus\u00ed proj\u00edt d\u016fle\u017eit\u00fdm procesem, nebo\u0165 jsou samy o sob\u011b trpk\u00e9 a ho\u0159k\u00e9. Proto se\nnakl\u00e1daj\u00ed do soln\u00e9ho roztoku, nebo olivov\u00e9ho oleje. Rozd\u00edl mezi ob\u011bma zp\u016fsoby\nje estetick\u00fd i gurm\u00e1nsk\u00fd \u2013 v&nbsp;olivov\u00e9m oleji se plody kr\u00e1sn\u011b lesknou a\njejich chu\u0165 se rozvine a intenzivn\u011bji vynikne.<\/p>\n\n\n\n<div style=\"height:30px\" aria-hidden=\"true\" class=\"wp-block-spacer\"><\/div>\n\n\n\n<div class=\"wp-block-columns has-2-columns is-layout-flex wp-container-core-columns-is-layout-9d6595d7 wp-block-columns-is-layout-flex\">\n<div class=\"wp-block-column is-layout-flow wp-block-column-is-layout-flow\">\n<div class=\"wp-block-image\"><figure class=\"aligncenter is-resized\"><img loading=\"lazy\" decoding=\"async\" src=\"https:\/\/www.franzjosefkaiser.com\/wp-content\/uploads\/2019\/10\/FJK_greek-olives_sundried-tomatoes-491x600.png\" alt=\"\" class=\"wp-image-612\" width=\"215\" height=\"262\" srcset=\"https:\/\/www.franzjosefkaiser.com\/wp-content\/uploads\/2019\/10\/FJK_greek-olives_sundried-tomatoes-491x600.png 491w, https:\/\/www.franzjosefkaiser.com\/wp-content\/uploads\/2019\/10\/FJK_greek-olives_sundried-tomatoes-245x300.png 245w, https:\/\/www.franzjosefkaiser.com\/wp-content\/uploads\/2019\/10\/FJK_greek-olives_sundried-tomatoes-768x939.png 768w, https:\/\/www.franzjosefkaiser.com\/wp-content\/uploads\/2019\/10\/FJK_greek-olives_sundried-tomatoes-838x1024.png 838w, https:\/\/www.franzjosefkaiser.com\/wp-content\/uploads\/2019\/10\/FJK_greek-olives_sundried-tomatoes.png 1063w\" sizes=\"auto, (max-width: 215px) 100vw, 215px\" \/><figcaption><a href=\"https:\/\/www.franzjosefkaiser.com\/produkty\/recke-zelene-olivy-plnene-susenymi-rajcaty-ve-slanem-nalevu-250-g\/\"> \u0158eck\u00e9 zelen\u00e9 olivy pln\u011bn\u00e9 su\u0161en\u00fdmi raj\u010daty ve slan\u00e9m n\u00e1levu 250 g<\/a><\/figcaption><\/figure><\/div>\n<\/div>\n\n\n\n<div class=\"wp-block-column is-layout-flow wp-block-column-is-layout-flow\">\n<div class=\"wp-block-image\"><figure class=\"aligncenter is-resized\"><img loading=\"lazy\" decoding=\"async\" src=\"https:\/\/www.franzjosefkaiser.com\/wp-content\/uploads\/2019\/10\/FJK_greek-olives_kalamata-491x600.png\" alt=\"\" class=\"wp-image-602\" width=\"215\" height=\"283\"\/><figcaption><a href=\"https:\/\/www.franzjosefkaiser.com\/produkty\/recke-olivy-kalamata-ve-slanem-nalevu-250g\/\"> \u0158eck\u00e9 olivy Kalamata ve slan\u00e9m n\u00e1levu 250g<\/a><\/figcaption><\/figure><\/div>\n<\/div>\n<\/div>\n\n\n\n<h2 class=\"wp-block-heading\"><strong>7 kuli\u010dek denn\u011b <\/strong><\/h2>\n\n\n\n<p>\u010clov\u011bk by m\u011bl \u00fadajn\u011b sn\u00edst sedm oliv denn\u011b. Pr\u00e1v\u011b toto\nmno\u017estv\u00ed dod\u00e1 t\u011blu dostatek vhodn\u00fdch tuk\u016f, tedy tak d\u016fle\u017eit\u00fdch nenasycen\u00fdch\nmastn\u00fdch kyselin, a vitamin\u016f, zejm\u00e9na A a E. Olivy ukr\u00fdvaj\u00ed tak\u00e9 spoustu\nantioxidant\u016f a skoup\u00e9 nejsou ani na miner\u00e1ly, zejm\u00e9na \u017eelezo, v\u00e1pn\u00edk, drasl\u00edk a\nho\u0159\u010d\u00edk. V\u00fdznamn\u00fd je u nich i obsah vl\u00e1kniny. <\/p>\n\n\n\n<p>Pravideln\u00e1 konzumace oliv m\u016f\u017ee proto p\u0159isp\u011bt k&nbsp;pos\u00edlen\u00ed\nimunity, sn\u00ed\u017een\u00ed hladiny cholesterolu v&nbsp;krvi a je p\u0159\u00edjemnou prevenc\u00ed\nvzniku c\u00e9vn\u00edch onemocn\u011bn\u00ed. Olivy zamezuj\u00ed tak\u00e9 p\u0159ed\u010dasn\u00e9mu st\u00e1rnut\u00ed, tak\u017ee v\u00edc\nargument\u016f, pro\u010d za\u0159adit p\u00e1r kuli\u010dek denn\u011b do sv\u00e9ho j\u00eddeln\u00ed\u010dku, nen\u00ed pot\u0159eba!<\/p>\n\n\n\n<div style=\"height:20px\" aria-hidden=\"true\" class=\"wp-block-spacer\"><\/div>\n\n\n\n<div class=\"wp-block-columns has-2-columns is-layout-flex wp-container-core-columns-is-layout-9d6595d7 wp-block-columns-is-layout-flex\">\n<div class=\"wp-block-column is-layout-flow wp-block-column-is-layout-flow\">\n<div class=\"wp-block-image\"><figure class=\"aligncenter is-resized\"><img loading=\"lazy\" decoding=\"async\" src=\"https:\/\/www.franzjosefkaiser.com\/wp-content\/uploads\/2019\/10\/FJK_greek-olives_almond-491x600.png\" alt=\"\" class=\"wp-image-597\" width=\"215\" height=\"258\"\/><figcaption><a href=\"https:\/\/www.franzjosefkaiser.com\/produkty\/recke-zelene-olivy-plnene-mandlemi-ve-slanem-nalevu-250-g\/\">\u0158eck\u00e9 zelen\u00e9 olivy pln\u011bn\u00e9 mandlemi ve slan\u00e9m n\u00e1levu 250 g<\/a><\/figcaption><\/figure><\/div>\n<\/div>\n\n\n\n<div class=\"wp-block-column is-layout-flow wp-block-column-is-layout-flow\">\n<div class=\"wp-block-image\"><figure class=\"aligncenter is-resized\"><img loading=\"lazy\" decoding=\"async\" src=\"https:\/\/www.franzjosefkaiser.com\/wp-content\/uploads\/2019\/10\/FJK_greek-olives_red-pepper-491x600.png\" alt=\"\" class=\"wp-image-607\" width=\"215\" height=\"276\"\/><figcaption><a href=\"https:\/\/www.franzjosefkaiser.com\/produkty\/recke-zelene-olivy-plnene-paprikou-ve-slanem-nalevu-250-g\/\"> \u0158eck\u00e9 zelen\u00e9 olivy pln\u011bn\u00e9 paprikou ve slan\u00e9m n\u00e1levu 250 g<\/a><\/figcaption><\/figure><\/div>\n<\/div>\n<\/div>\n\n\n\n<h2 class=\"wp-block-heading\"><strong>Olivov\u00e1 kuchyn\u011b<\/strong><\/h2>\n\n\n\n<p>P\u00e1r skleni\u010dek kvalitn\u00edch oliv &nbsp;byste m\u011bli m\u00edt doma v\u017edy v&nbsp;z\u00e1sob\u011b,\nproto\u017ee dok\u00e1\u017e\u00ed zpest\u0159it nejen ve\u010der u nap\u00ednav\u00e9ho filmu, ale tak\u00e9 mnoh\u00e1 j\u00eddla.\nVe studen\u00e9 kuchyni se hod\u00ed do tapen\u00e1d, pomaz\u00e1nek, sal\u00e1t\u016f, na jednohubky,\nkanapky \u010di jako atraktivn\u00ed sou\u010d\u00e1st s\u00fdrov\u00fdch tal\u00ed\u0159\u016f i dal\u0161\u00edch oblo\u017een\u00fdch m\u00eds.\nV&nbsp;tepl\u00e9 kuchyni maj\u00ed zase sv\u00e9 pevn\u00e9 m\u00edsto ve st\u0159edomo\u0159sk\u00fdch receptech, ale\nchybu ur\u010dit\u011b neud\u011bl\u00e1te, kdy\u017e je b\u011bhem va\u0159en\u00ed p\u0159id\u00e1te ke ku\u0159ec\u00edmu masu \u010di\nryb\u00e1m.&nbsp; <\/p>\n\n\n\n<div style=\"height:30px\" aria-hidden=\"true\" class=\"wp-block-spacer\"><\/div>\n\n\n\n<div class=\"wp-block-image\"><figure class=\"aligncenter\"><img loading=\"lazy\" decoding=\"async\" width=\"1024\" height=\"576\" src=\"https:\/\/www.franzjosefkaiser.com\/wp-content\/uploads\/2019\/11\/nicoise-1-1024x576.jpg\" alt=\"\" class=\"wp-image-1660\" srcset=\"https:\/\/www.franzjosefkaiser.com\/wp-content\/uploads\/2019\/11\/nicoise-1-1024x576.jpg 1024w, https:\/\/www.franzjosefkaiser.com\/wp-content\/uploads\/2019\/11\/nicoise-1-300x169.jpg 300w, https:\/\/www.franzjosefkaiser.com\/wp-content\/uploads\/2019\/11\/nicoise-1-768x432.jpg 768w, https:\/\/www.franzjosefkaiser.com\/wp-content\/uploads\/2019\/11\/nicoise-1-600x338.jpg 600w, https:\/\/www.franzjosefkaiser.com\/wp-content\/uploads\/2019\/11\/nicoise-1-1200x675.jpg 1200w, https:\/\/www.franzjosefkaiser.com\/wp-content\/uploads\/2019\/11\/nicoise-1.jpg 1920w\" sizes=\"auto, (max-width: 1024px) 100vw, 1024px\" \/><figcaption> <a href=\"https:\/\/www.franzjosefkaiser.com\/recepty\/salat-nicoise\/\">Sal\u00e1t Ni\u00e7oise<\/a> s <a href=\"https:\/\/www.franzjosefkaiser.com\/produkty\/recke-olivy-kalamata-ve-slanem-nalevu-250g\/\">\u0159eck\u00fdmi olivami Kalamata<\/a><\/figcaption><\/figure><\/div>\n","protected":false},"excerpt":{"rendered":"<p>Asi m\u00e1lokomu zachutnaly olivy hned napoprv\u00e9. Pokud jste ov\u0161em s\u00e1hli po kvalitn\u00edch plodech, kter\u00e9 jsou pln\u00e9 slunce, v\u016fn\u011b d\u00e1lek a autentick\u00e9 chuti, vsad\u00edme se, \u017ee u\u017e napodruh\u00e9 si v\u00e1s opojn\u00fd slano-trpk\u00fd pocit v \u00fastech zcela podmanil. V\u00edte, \u017ee\u2026? V\u00a0\u0159eck\u00e9 mytologii najdeme p\u0159\u00edb\u011bh, v\u00a0n\u011bm\u017e se bohyn\u011b moudrosti a v\u00e1lky Ath\u00e9na dostala do sporu s\u00a0vl\u00e1dcem mo\u0159\u00ed Poseid\u00f3nem [&hellip;]<\/p>\n","protected":false},"author":4,"featured_media":0,"comment_status":"open","ping_status":"open","sticky":false,"template":"","format":"standard","meta":{"footnotes":""},"categories":[1],"tags":[],"class_list":["post-2332","post","type-post","status-publish","format-standard","hentry","category-tipy"],"acf":[],"yoast_head":"<!-- This site is optimized with the Yoast SEO plugin v27.0 - https:\/\/yoast.com\/product\/yoast-seo-wordpress\/ -->\n<title>Olivy: Dar olympsk\u00fdch boh\u016f - FRANZ JOSEF KAISER<\/title>\n<meta name=\"robots\" content=\"index, follow, max-snippet:-1, max-image-preview:large, max-video-preview:-1\" \/>\n<link rel=\"canonical\" href=\"https:\/\/www.franzjosefkaiser.com\/cs\/olivy-dar-olympskych-bohu\/\" \/>\n<meta property=\"og:locale\" content=\"cs_CZ\" \/>\n<meta property=\"og:type\" content=\"article\" \/>\n<meta property=\"og:title\" content=\"Olivy: Dar olympsk\u00fdch boh\u016f - FRANZ JOSEF KAISER\" \/>\n<meta property=\"og:description\" content=\"Asi m\u00e1lokomu zachutnaly olivy hned napoprv\u00e9. Pokud jste ov\u0161em s\u00e1hli po kvalitn\u00edch plodech, kter\u00e9 jsou pln\u00e9 slunce, v\u016fn\u011b d\u00e1lek a autentick\u00e9 chuti, vsad\u00edme se, \u017ee u\u017e napodruh\u00e9 si v\u00e1s opojn\u00fd slano-trpk\u00fd pocit v \u00fastech zcela podmanil. V\u00edte, \u017ee\u2026? V\u00a0\u0159eck\u00e9 mytologii najdeme p\u0159\u00edb\u011bh, v\u00a0n\u011bm\u017e se bohyn\u011b moudrosti a v\u00e1lky Ath\u00e9na dostala do sporu s\u00a0vl\u00e1dcem mo\u0159\u00ed Poseid\u00f3nem [&hellip;]\" \/>\n<meta property=\"og:url\" content=\"https:\/\/www.franzjosefkaiser.com\/cs\/olivy-dar-olympskych-bohu\/\" \/>\n<meta property=\"og:site_name\" content=\"FRANZ JOSEF KAISER\" \/>\n<meta property=\"article:published_time\" content=\"2021-11-29T19:45:56+00:00\" \/>\n<meta property=\"article:modified_time\" content=\"2021-11-29T21:01:47+00:00\" \/>\n<meta property=\"og:image\" content=\"https:\/\/www.franzjosefkaiser.com\/wp-content\/uploads\/2020\/02\/Depositphotos_15013405_xl-2015-1200x795.jpg\" \/>\n<meta name=\"author\" content=\"FRANZ JOSEF KAISER\" \/>\n<meta name=\"twitter:card\" content=\"summary_large_image\" \/>\n<meta name=\"twitter:image\" content=\"https:\/\/www.franzjosefkaiser.com\/wp-content\/uploads\/2020\/02\/Depositphotos_15013405_xl-2015-1200x795.jpg\" \/>\n<meta name=\"twitter:label1\" content=\"Napsal(a)\" \/>\n\t<meta name=\"twitter:data1\" content=\"FRANZ JOSEF KAISER\" \/>\n\t<meta name=\"twitter:label2\" content=\"Odhadovan\u00e1 doba \u010dten\u00ed\" \/>\n\t<meta name=\"twitter:data2\" content=\"3 minuty\" \/>\n<script type=\"application\/ld+json\" class=\"yoast-schema-graph\">{\"@context\":\"https:\/\/schema.org\",\"@graph\":[{\"@type\":\"Article\",\"@id\":\"https:\/\/www.franzjosefkaiser.com\/cs\/olivy-dar-olympskych-bohu\/#article\",\"isPartOf\":{\"@id\":\"https:\/\/www.franzjosefkaiser.com\/cs\/olivy-dar-olympskych-bohu\/\"},\"author\":{\"name\":\"FRANZ JOSEF KAISER\",\"@id\":\"https:\/\/www.franzjosefkaiser.com\/cs\/#\/schema\/person\/93d860210b56e4becf13b918428c54cb\"},\"headline\":\"Olivy: Dar olympsk\u00fdch boh\u016f\",\"datePublished\":\"2021-11-29T19:45:56+00:00\",\"dateModified\":\"2021-11-29T21:01:47+00:00\",\"mainEntityOfPage\":{\"@id\":\"https:\/\/www.franzjosefkaiser.com\/cs\/olivy-dar-olympskych-bohu\/\"},\"wordCount\":698,\"commentCount\":0,\"publisher\":{\"@id\":\"https:\/\/www.franzjosefkaiser.com\/cs\/#organization\"},\"image\":{\"@id\":\"https:\/\/www.franzjosefkaiser.com\/cs\/olivy-dar-olympskych-bohu\/#primaryimage\"},\"thumbnailUrl\":\"https:\/\/www.franzjosefkaiser.com\/wp-content\/uploads\/2020\/02\/Depositphotos_28839815_xl-2015-1024x683.jpg\",\"articleSection\":[\"Tipy\"],\"inLanguage\":\"cs\",\"potentialAction\":[{\"@type\":\"CommentAction\",\"name\":\"Comment\",\"target\":[\"https:\/\/www.franzjosefkaiser.com\/cs\/olivy-dar-olympskych-bohu\/#respond\"]}]},{\"@type\":\"WebPage\",\"@id\":\"https:\/\/www.franzjosefkaiser.com\/cs\/olivy-dar-olympskych-bohu\/\",\"url\":\"https:\/\/www.franzjosefkaiser.com\/cs\/olivy-dar-olympskych-bohu\/\",\"name\":\"Olivy: Dar olympsk\u00fdch boh\u016f - FRANZ JOSEF KAISER\",\"isPartOf\":{\"@id\":\"https:\/\/www.franzjosefkaiser.com\/cs\/#website\"},\"primaryImageOfPage\":{\"@id\":\"https:\/\/www.franzjosefkaiser.com\/cs\/olivy-dar-olympskych-bohu\/#primaryimage\"},\"image\":{\"@id\":\"https:\/\/www.franzjosefkaiser.com\/cs\/olivy-dar-olympskych-bohu\/#primaryimage\"},\"thumbnailUrl\":\"https:\/\/www.franzjosefkaiser.com\/wp-content\/uploads\/2020\/02\/Depositphotos_28839815_xl-2015-1024x683.jpg\",\"datePublished\":\"2021-11-29T19:45:56+00:00\",\"dateModified\":\"2021-11-29T21:01:47+00:00\",\"breadcrumb\":{\"@id\":\"https:\/\/www.franzjosefkaiser.com\/cs\/olivy-dar-olympskych-bohu\/#breadcrumb\"},\"inLanguage\":\"cs\",\"potentialAction\":[{\"@type\":\"ReadAction\",\"target\":[\"https:\/\/www.franzjosefkaiser.com\/cs\/olivy-dar-olympskych-bohu\/\"]}]},{\"@type\":\"ImageObject\",\"inLanguage\":\"cs\",\"@id\":\"https:\/\/www.franzjosefkaiser.com\/cs\/olivy-dar-olympskych-bohu\/#primaryimage\",\"url\":\"https:\/\/www.franzjosefkaiser.com\/wp-content\/uploads\/2020\/02\/Depositphotos_28839815_xl-2015-1024x683.jpg\",\"contentUrl\":\"https:\/\/www.franzjosefkaiser.com\/wp-content\/uploads\/2020\/02\/Depositphotos_28839815_xl-2015-1024x683.jpg\"},{\"@type\":\"BreadcrumbList\",\"@id\":\"https:\/\/www.franzjosefkaiser.com\/cs\/olivy-dar-olympskych-bohu\/#breadcrumb\",\"itemListElement\":[{\"@type\":\"ListItem\",\"position\":1,\"name\":\"Dom\u016f\",\"item\":\"https:\/\/www.franzjosefkaiser.com\/cs\/\"},{\"@type\":\"ListItem\",\"position\":2,\"name\":\"Olivy: Dar olympsk\u00fdch boh\u016f\"}]},{\"@type\":\"WebSite\",\"@id\":\"https:\/\/www.franzjosefkaiser.com\/cs\/#website\",\"url\":\"https:\/\/www.franzjosefkaiser.com\/cs\/\",\"name\":\"FRANZ JOSEF KAISER\",\"description\":\"\",\"publisher\":{\"@id\":\"https:\/\/www.franzjosefkaiser.com\/cs\/#organization\"},\"potentialAction\":[{\"@type\":\"SearchAction\",\"target\":{\"@type\":\"EntryPoint\",\"urlTemplate\":\"https:\/\/www.franzjosefkaiser.com\/cs\/?s={search_term_string}\"},\"query-input\":{\"@type\":\"PropertyValueSpecification\",\"valueRequired\":true,\"valueName\":\"search_term_string\"}}],\"inLanguage\":\"cs\"},{\"@type\":\"Organization\",\"@id\":\"https:\/\/www.franzjosefkaiser.com\/cs\/#organization\",\"name\":\"GASTON, s.r.o.\",\"url\":\"https:\/\/www.franzjosefkaiser.com\/cs\/\",\"logo\":{\"@type\":\"ImageObject\",\"inLanguage\":\"cs\",\"@id\":\"https:\/\/www.franzjosefkaiser.com\/cs\/#\/schema\/logo\/image\/\",\"url\":\"https:\/\/www.franzjosefkaiser.com\/wp-content\/uploads\/2019\/10\/fj_logo.png\",\"contentUrl\":\"https:\/\/www.franzjosefkaiser.com\/wp-content\/uploads\/2019\/10\/fj_logo.png\",\"width\":770,\"height\":741,\"caption\":\"GASTON, s.r.o.\"},\"image\":{\"@id\":\"https:\/\/www.franzjosefkaiser.com\/cs\/#\/schema\/logo\/image\/\"}},{\"@type\":\"Person\",\"@id\":\"https:\/\/www.franzjosefkaiser.com\/cs\/#\/schema\/person\/93d860210b56e4becf13b918428c54cb\",\"name\":\"FRANZ JOSEF KAISER\",\"image\":{\"@type\":\"ImageObject\",\"inLanguage\":\"cs\",\"@id\":\"https:\/\/www.franzjosefkaiser.com\/cs\/#\/schema\/person\/image\/\",\"url\":\"https:\/\/secure.gravatar.com\/avatar\/c4d9406ef83c90e4349f88e9644c24948c0bbec428d3de93aa14bfa69b1e1be5?s=96&d=mm&r=g\",\"contentUrl\":\"https:\/\/secure.gravatar.com\/avatar\/c4d9406ef83c90e4349f88e9644c24948c0bbec428d3de93aa14bfa69b1e1be5?s=96&d=mm&r=g\",\"caption\":\"FRANZ JOSEF KAISER\"}}]}<\/script>\n<!-- \/ Yoast SEO plugin. -->","yoast_head_json":{"title":"Olivy: Dar olympsk\u00fdch boh\u016f - FRANZ JOSEF KAISER","robots":{"index":"index","follow":"follow","max-snippet":"max-snippet:-1","max-image-preview":"max-image-preview:large","max-video-preview":"max-video-preview:-1"},"canonical":"https:\/\/www.franzjosefkaiser.com\/cs\/olivy-dar-olympskych-bohu\/","og_locale":"cs_CZ","og_type":"article","og_title":"Olivy: Dar olympsk\u00fdch boh\u016f - FRANZ JOSEF KAISER","og_description":"Asi m\u00e1lokomu zachutnaly olivy hned napoprv\u00e9. Pokud jste ov\u0161em s\u00e1hli po kvalitn\u00edch plodech, kter\u00e9 jsou pln\u00e9 slunce, v\u016fn\u011b d\u00e1lek a autentick\u00e9 chuti, vsad\u00edme se, \u017ee u\u017e napodruh\u00e9 si v\u00e1s opojn\u00fd slano-trpk\u00fd pocit v \u00fastech zcela podmanil. V\u00edte, \u017ee\u2026? V\u00a0\u0159eck\u00e9 mytologii najdeme p\u0159\u00edb\u011bh, v\u00a0n\u011bm\u017e se bohyn\u011b moudrosti a v\u00e1lky Ath\u00e9na dostala do sporu s\u00a0vl\u00e1dcem mo\u0159\u00ed Poseid\u00f3nem [&hellip;]","og_url":"https:\/\/www.franzjosefkaiser.com\/cs\/olivy-dar-olympskych-bohu\/","og_site_name":"FRANZ JOSEF KAISER","article_published_time":"2021-11-29T19:45:56+00:00","article_modified_time":"2021-11-29T21:01:47+00:00","og_image":[{"url":"https:\/\/www.franzjosefkaiser.com\/wp-content\/uploads\/2020\/02\/Depositphotos_15013405_xl-2015-1200x795.jpg","type":"","width":"","height":""}],"author":"FRANZ JOSEF KAISER","twitter_card":"summary_large_image","twitter_image":"https:\/\/www.franzjosefkaiser.com\/wp-content\/uploads\/2020\/02\/Depositphotos_15013405_xl-2015-1200x795.jpg","twitter_misc":{"Napsal(a)":"FRANZ JOSEF KAISER","Odhadovan\u00e1 doba \u010dten\u00ed":"3 minuty"},"schema":{"@context":"https:\/\/schema.org","@graph":[{"@type":"Article","@id":"https:\/\/www.franzjosefkaiser.com\/cs\/olivy-dar-olympskych-bohu\/#article","isPartOf":{"@id":"https:\/\/www.franzjosefkaiser.com\/cs\/olivy-dar-olympskych-bohu\/"},"author":{"name":"FRANZ JOSEF KAISER","@id":"https:\/\/www.franzjosefkaiser.com\/cs\/#\/schema\/person\/93d860210b56e4becf13b918428c54cb"},"headline":"Olivy: Dar olympsk\u00fdch boh\u016f","datePublished":"2021-11-29T19:45:56+00:00","dateModified":"2021-11-29T21:01:47+00:00","mainEntityOfPage":{"@id":"https:\/\/www.franzjosefkaiser.com\/cs\/olivy-dar-olympskych-bohu\/"},"wordCount":698,"commentCount":0,"publisher":{"@id":"https:\/\/www.franzjosefkaiser.com\/cs\/#organization"},"image":{"@id":"https:\/\/www.franzjosefkaiser.com\/cs\/olivy-dar-olympskych-bohu\/#primaryimage"},"thumbnailUrl":"https:\/\/www.franzjosefkaiser.com\/wp-content\/uploads\/2020\/02\/Depositphotos_28839815_xl-2015-1024x683.jpg","articleSection":["Tipy"],"inLanguage":"cs","potentialAction":[{"@type":"CommentAction","name":"Comment","target":["https:\/\/www.franzjosefkaiser.com\/cs\/olivy-dar-olympskych-bohu\/#respond"]}]},{"@type":"WebPage","@id":"https:\/\/www.franzjosefkaiser.com\/cs\/olivy-dar-olympskych-bohu\/","url":"https:\/\/www.franzjosefkaiser.com\/cs\/olivy-dar-olympskych-bohu\/","name":"Olivy: Dar olympsk\u00fdch boh\u016f - FRANZ JOSEF KAISER","isPartOf":{"@id":"https:\/\/www.franzjosefkaiser.com\/cs\/#website"},"primaryImageOfPage":{"@id":"https:\/\/www.franzjosefkaiser.com\/cs\/olivy-dar-olympskych-bohu\/#primaryimage"},"image":{"@id":"https:\/\/www.franzjosefkaiser.com\/cs\/olivy-dar-olympskych-bohu\/#primaryimage"},"thumbnailUrl":"https:\/\/www.franzjosefkaiser.com\/wp-content\/uploads\/2020\/02\/Depositphotos_28839815_xl-2015-1024x683.jpg","datePublished":"2021-11-29T19:45:56+00:00","dateModified":"2021-11-29T21:01:47+00:00","breadcrumb":{"@id":"https:\/\/www.franzjosefkaiser.com\/cs\/olivy-dar-olympskych-bohu\/#breadcrumb"},"inLanguage":"cs","potentialAction":[{"@type":"ReadAction","target":["https:\/\/www.franzjosefkaiser.com\/cs\/olivy-dar-olympskych-bohu\/"]}]},{"@type":"ImageObject","inLanguage":"cs","@id":"https:\/\/www.franzjosefkaiser.com\/cs\/olivy-dar-olympskych-bohu\/#primaryimage","url":"https:\/\/www.franzjosefkaiser.com\/wp-content\/uploads\/2020\/02\/Depositphotos_28839815_xl-2015-1024x683.jpg","contentUrl":"https:\/\/www.franzjosefkaiser.com\/wp-content\/uploads\/2020\/02\/Depositphotos_28839815_xl-2015-1024x683.jpg"},{"@type":"BreadcrumbList","@id":"https:\/\/www.franzjosefkaiser.com\/cs\/olivy-dar-olympskych-bohu\/#breadcrumb","itemListElement":[{"@type":"ListItem","position":1,"name":"Dom\u016f","item":"https:\/\/www.franzjosefkaiser.com\/cs\/"},{"@type":"ListItem","position":2,"name":"Olivy: Dar olympsk\u00fdch boh\u016f"}]},{"@type":"WebSite","@id":"https:\/\/www.franzjosefkaiser.com\/cs\/#website","url":"https:\/\/www.franzjosefkaiser.com\/cs\/","name":"FRANZ JOSEF KAISER","description":"","publisher":{"@id":"https:\/\/www.franzjosefkaiser.com\/cs\/#organization"},"potentialAction":[{"@type":"SearchAction","target":{"@type":"EntryPoint","urlTemplate":"https:\/\/www.franzjosefkaiser.com\/cs\/?s={search_term_string}"},"query-input":{"@type":"PropertyValueSpecification","valueRequired":true,"valueName":"search_term_string"}}],"inLanguage":"cs"},{"@type":"Organization","@id":"https:\/\/www.franzjosefkaiser.com\/cs\/#organization","name":"GASTON, s.r.o.","url":"https:\/\/www.franzjosefkaiser.com\/cs\/","logo":{"@type":"ImageObject","inLanguage":"cs","@id":"https:\/\/www.franzjosefkaiser.com\/cs\/#\/schema\/logo\/image\/","url":"https:\/\/www.franzjosefkaiser.com\/wp-content\/uploads\/2019\/10\/fj_logo.png","contentUrl":"https:\/\/www.franzjosefkaiser.com\/wp-content\/uploads\/2019\/10\/fj_logo.png","width":770,"height":741,"caption":"GASTON, s.r.o."},"image":{"@id":"https:\/\/www.franzjosefkaiser.com\/cs\/#\/schema\/logo\/image\/"}},{"@type":"Person","@id":"https:\/\/www.franzjosefkaiser.com\/cs\/#\/schema\/person\/93d860210b56e4becf13b918428c54cb","name":"FRANZ JOSEF KAISER","image":{"@type":"ImageObject","inLanguage":"cs","@id":"https:\/\/www.franzjosefkaiser.com\/cs\/#\/schema\/person\/image\/","url":"https:\/\/secure.gravatar.com\/avatar\/c4d9406ef83c90e4349f88e9644c24948c0bbec428d3de93aa14bfa69b1e1be5?s=96&d=mm&r=g","contentUrl":"https:\/\/secure.gravatar.com\/avatar\/c4d9406ef83c90e4349f88e9644c24948c0bbec428d3de93aa14bfa69b1e1be5?s=96&d=mm&r=g","caption":"FRANZ JOSEF KAISER"}}]}},"_links":{"self":[{"href":"https:\/\/www.franzjosefkaiser.com\/cs\/wp-json\/wp\/v2\/posts\/2332","targetHints":{"allow":["GET"]}}],"collection":[{"href":"https:\/\/www.franzjosefkaiser.com\/cs\/wp-json\/wp\/v2\/posts"}],"about":[{"href":"https:\/\/www.franzjosefkaiser.com\/cs\/wp-json\/wp\/v2\/types\/post"}],"author":[{"embeddable":true,"href":"https:\/\/www.franzjosefkaiser.com\/cs\/wp-json\/wp\/v2\/users\/4"}],"replies":[{"embeddable":true,"href":"https:\/\/www.franzjosefkaiser.com\/cs\/wp-json\/wp\/v2\/comments?post=2332"}],"version-history":[{"count":4,"href":"https:\/\/www.franzjosefkaiser.com\/cs\/wp-json\/wp\/v2\/posts\/2332\/revisions"}],"predecessor-version":[{"id":2346,"href":"https:\/\/www.franzjosefkaiser.com\/cs\/wp-json\/wp\/v2\/posts\/2332\/revisions\/2346"}],"wp:attachment":[{"href":"https:\/\/www.franzjosefkaiser.com\/cs\/wp-json\/wp\/v2\/media?parent=2332"}],"wp:term":[{"taxonomy":"category","embeddable":true,"href":"https:\/\/www.franzjosefkaiser.com\/cs\/wp-json\/wp\/v2\/categories?post=2332"},{"taxonomy":"post_tag","embeddable":true,"href":"https:\/\/www.franzjosefkaiser.com\/cs\/wp-json\/wp\/v2\/tags?post=2332"}],"curies":[{"name":"wp","href":"https:\/\/api.w.org\/{rel}","templated":true}]}}