{"id":5887,"date":"2021-08-13T15:31:07","date_gmt":"2021-08-13T13:31:07","guid":{"rendered":"https:\/\/www.franzjosefkaiser.com\/?p=5887"},"modified":"2021-08-13T15:48:47","modified_gmt":"2021-08-13T13:48:47","slug":"vylet-do-stredomori-s-chuti-oliv","status":"publish","type":"post","link":"https:\/\/www.franzjosefkaiser.com\/cs\/vylet-do-stredomori-s-chuti-oliv\/","title":{"rendered":"V\u00fdlet do St\u0159edomo\u0159\u00ed s chut\u00ed oliv"},"content":{"rendered":"\n<p>U\u017eijte si letn\u00ed ve\u010dern\u00ed posezen\u00ed jinak a nechte se zl\u00e1kat se na gurm\u00e1nsk\u00fd v\u00fdlet do St\u0159edomo\u0159\u00ed. Nemus\u00edte p\u0159itom balit kufry a zabezpe\u010dovat byt, tu pravou st\u0159edomo\u0159skou atmosf\u00e9ru si toti\u017e d\u00edky <a href=\"https:\/\/www.franzjosefkaiser.com\/produkty_category\/olivy\/\">oliv\u00e1m<\/a> dok\u00e1\u017eete vychutnat i z\u00a0pohodl\u00ed domova. Vydejte se s\u00a0n\u00e1mi do \u0160pan\u011blska, Francie nebo t\u0159eba na skok do It\u00e1lie. Dr\u017ete si klobouky, vyplouv\u00e1me!<\/p>\n\n\n\n<div style=\"height:30px\" aria-hidden=\"true\" class=\"wp-block-spacer\"><\/div>\n\n\n\n<h2 class=\"wp-block-heading\"><strong>Na\njedlou pokli\u010dku do \u0160pan\u011blska<\/strong><\/h2>\n\n\n\n<p>Jedl\u00e1 pokli\u010dka neboli tapas je \u0161pan\u011blsk\u00e1 specialita\nv&nbsp;podob\u011b mal\u00e9ho ob\u010derstven\u00ed. N\u00e1v\u0161t\u011bvy tapas bar\u016f, kter\u00e9 najdete doslova na\nka\u017ed\u00e9m rohu, pat\u0159\u00ed k&nbsp;nejd\u016fle\u017eit\u011bj\u0161\u00edm spole\u010densk\u00fdm ud\u00e1lostem m\u00edstn\u00edch\nobyvatel. Zaj\u00edm\u00e1 v\u00e1s, pro\u010d jedl\u00e1 pokli\u010dka? Je to d\u00edky vynal\u00e9zavosti \u0160pan\u011bl\u016f. Ti\nsi toti\u017e svou sklenici v\u00edna obvykle zakr\u00fdvali pl\u00e1tkem chleba, aby jim v\u00fdte\u010dn\u00fd\ndrink nepokazil poletuj\u00edc\u00ed hmyz. Poskytli t\u00edm n\u00e1poji pokli\u010dku. A pochopiteln\u011b\nonen pl\u00e1tek chleba pot\u00e9 sn\u011bdli.<\/p>\n\n\n\n<p>Nejzn\u00e1m\u011bj\u0161\u00ed tapas jsou <a href=\"https:\/\/www.franzjosefkaiser.com\/produkty_category\/olivy\/\">olivy<\/a>, konkr\u00e9tn\u011b r\u016fzn\u00e9 druhy pln\u011bn\u00fdch oliv. P\u0159idat ov\u0161em m\u016f\u017eete i s\u00fdry a uzeniny. Zaru\u010den\u011b se pak budete c\u00edtit jako v p\u0159\u00edmo\u0159sk\u00e9m\u00a0baru na Costa Brava. <\/p>\n\n\n\n<div style=\"height:30px\" aria-hidden=\"true\" class=\"wp-block-spacer\"><\/div>\n\n\n\n<div class=\"wp-block-image\"><figure class=\"aligncenter\"><img loading=\"lazy\" decoding=\"async\" width=\"1024\" height=\"1024\" src=\"https:\/\/www.franzjosefkaiser.com\/wp-content\/uploads\/2021\/08\/IMG_7394-1024x1024.jpg\" alt=\"\" class=\"wp-image-5894\" srcset=\"https:\/\/www.franzjosefkaiser.com\/wp-content\/uploads\/2021\/08\/IMG_7394-1024x1024.jpg 1024w, https:\/\/www.franzjosefkaiser.com\/wp-content\/uploads\/2021\/08\/IMG_7394-150x150.jpg 150w, https:\/\/www.franzjosefkaiser.com\/wp-content\/uploads\/2021\/08\/IMG_7394-300x300.jpg 300w, https:\/\/www.franzjosefkaiser.com\/wp-content\/uploads\/2021\/08\/IMG_7394-768x768.jpg 768w, https:\/\/www.franzjosefkaiser.com\/wp-content\/uploads\/2021\/08\/IMG_7394-600x600.jpg 600w, https:\/\/www.franzjosefkaiser.com\/wp-content\/uploads\/2021\/08\/IMG_7394-1200x1200.jpg 1200w\" sizes=\"auto, (max-width: 1024px) 100vw, 1024px\" \/><\/figure><\/div>\n\n\n\n<div style=\"height:30px\" aria-hidden=\"true\" class=\"wp-block-spacer\"><\/div>\n\n\n\n<h2 class=\"wp-block-heading\"><strong>Na\njednohubku do Francie<\/strong><\/h2>\n\n\n\n<p>Jedna pomaz\u00e1nka a p\u0159esto poka\u017ed\u00e9 jin\u00e1 chu\u0165, tomu se \u0159\u00edk\u00e1 s\u00edla oliv. Sta\u010d\u00ed m\u00edt v z\u00e1sob\u011b n\u011bkolik r\u016fzn\u00fdch druh\u016f a m\u00e1te vystar\u00e1no. Ale pozor, nen\u00ed <a href=\"https:\/\/www.franzjosefkaiser.com\/produkty_category\/olivy\/\">oliva jako oliva<\/a>. Pro uspokojen\u00ed sv\u00fdch vyt\u0159\u00edben\u00fdch chut\u00ed s\u00e1hn\u011bte po oliv\u00e1ch pr\u00e9miov\u00e9 zna\u010dky Franz Josef Kaiser. Pot\u00e9 si m\u016f\u017eete i jeden druh pomaz\u00e1nky dop\u0159\u00e1t na n\u011bkolik r\u016fzn\u00fdch zp\u016fsob\u016f a c\u00edtit se u toho jako na pikniku pod Eiffelovou v\u011b\u017e\u00ed.<\/p>\n\n\n\n<p>V\u00fdborn\u00e1 je zn\u00e1m\u00e1 francouzsk\u00e1 pomaz\u00e1nka z oliv, naz\u00fdvan\u00e1 tapen\u00e1da.\nJak tuto rychlovku p\u0159ipravit?<\/p>\n\n\n\n<p><strong>Co budete pot\u0159ebovat:<\/strong><\/p>\n\n\n\n<ul class=\"wp-block-list\"><li>50 g <a href=\"https:\/\/www.franzjosefkaiser.com\/produkty\/susena-rajcata-720ml\/\">su\u0161en\u00fdch raj\u010dat<\/a><\/li><li>20 ml <a href=\"https:\/\/www.franzjosefkaiser.com\/?s=panensk%C3%BD&amp;pt=product\">extra panensk\u00e9ho olivov\u00e9ho oleje<\/a><\/li><li>4 <a href=\"https:\/\/www.franzjosefkaiser.com\/produkty\/sardelova-ocka-v-oleji-s-kapary-45g\/\">sardelov\u00e1 o\u010dka s kapary<\/a><\/li><li>4 <a href=\"https:\/\/www.franzjosefkaiser.com\/produkty\/recke-olivy-kalamata-ve-slanem-nalevu-250g\/\">Kalamata olivy<\/a>&nbsp;<\/li><li>2 strou\u017eky \u010desneku&nbsp;<\/li><li>1 l\u017e\u00edce citronov\u00e9 \u0161\u0165\u00e1vy&nbsp;<\/li><li>\u00bc l\u017ei\u010dky dijonsk\u00e9 ho\u0159\u010dice<\/li><\/ul>\n\n\n\n<p><strong>Jak to ud\u011bl\u00e1te:<\/strong><\/p>\n\n\n\n<p>V\u0161echny suroviny krom\u011b oleje vlo\u017ete do elektrick\u00e9ho sek\u00e1\u010dku a za st\u00e1l\u00e9ho mixov\u00e1n\u00ed p\u0159il\u00e9vejte olej, dokud nevznikne jemn\u00e1 pasta. Serv\u00edrujte na pe\u010divu ozdoben\u00e9 petr\u017eelkou, olivou nebo sardelov\u00fdm o\u010dkem.&nbsp;<\/p>\n\n\n\n<div style=\"height:30px\" aria-hidden=\"true\" class=\"wp-block-spacer\"><\/div>\n\n\n\n<figure class=\"wp-block-image\"><img loading=\"lazy\" decoding=\"async\" width=\"1024\" height=\"683\" src=\"https:\/\/www.franzjosefkaiser.com\/wp-content\/uploads\/2021\/08\/tapenada4-1024x683.jpg\" alt=\"\" class=\"wp-image-5899\" srcset=\"https:\/\/www.franzjosefkaiser.com\/wp-content\/uploads\/2021\/08\/tapenada4-1024x683.jpg 1024w, https:\/\/www.franzjosefkaiser.com\/wp-content\/uploads\/2021\/08\/tapenada4-300x200.jpg 300w, https:\/\/www.franzjosefkaiser.com\/wp-content\/uploads\/2021\/08\/tapenada4-768x512.jpg 768w, https:\/\/www.franzjosefkaiser.com\/wp-content\/uploads\/2021\/08\/tapenada4-600x400.jpg 600w, https:\/\/www.franzjosefkaiser.com\/wp-content\/uploads\/2021\/08\/tapenada4-1200x800.jpg 1200w\" sizes=\"auto, (max-width: 1024px) 100vw, 1024px\" \/><figcaption>Olivov\u00e1 tapen\u00e1da se su\u0161en\u00fdmi raj\u010daty<\/figcaption><\/figure>\n\n\n\n<div style=\"height:30px\" aria-hidden=\"true\" class=\"wp-block-spacer\"><\/div>\n\n\n\n<h2 class=\"wp-block-heading\"><strong>Na\nskok do It\u00e1lie<\/strong><\/h2>\n\n\n\n<p>Italsk\u00fd s\u00fdr ricotta je velmi jemn\u00fd, olivy ho ov\u0161em dok\u00e1\u017eou dokonale zv\u00fdraznit. P\u0159ed\u00e1me v\u00e1m tip na jeden rychl\u00fd, ov\u0161em mimo\u0159\u00e1dn\u011b lahodn\u00fd pokrm. Sta\u010d\u00ed osma\u017eit <a href=\"https:\/\/www.franzjosefkaiser.com\/produkty\/cerne-olivy-bez-pecky-300g\/\">\u010dern\u00e9 olivy<\/a> a zajistit jim tak p\u0159\u00edjemn\u011b nasl\u00e1dlou chu\u0165, p\u0159idat extra panensk\u00fd olivov\u00fd olej, poln\u00ed\u010dek a zm\u00edn\u011bnou ricottu. Ru\u010d\u00edme v\u00e1m za to, \u017ee se budete c\u00edtit jako na pr\u00e1zdnin\u00e1ch v\u00a0\u0158\u00edm\u011b. \u00a0\u00a0\u00a0\u00a0<\/p>\n\n\n\n<div style=\"height:30px\" aria-hidden=\"true\" class=\"wp-block-spacer\"><\/div>\n\n\n\n<h2 class=\"wp-block-heading\"><strong>Drinky na dopln\u011bn\u00ed chuti<\/strong><\/h2>\n\n\n\n<p>K v\u00fdte\u010dn\u00e9mu j\u00eddlu pat\u0159\u00ed samoz\u0159ejm\u011b i v\u00fdte\u010dn\u00e9 pit\u00ed. \u0160pan\u011bl\u00e9, Francouzi i Italov\u00e9 maj\u00ed jasno &#8211; k&nbsp;oliv\u00e1m pat\u0159\u00ed v\u00edno! B\u00edl\u00e9 v\u00edno se hod\u00ed k oliv\u00e1m s lososovou pastou, \u010derven\u00e9 je zase skv\u011bl\u00e9 s pastou z modr\u00e9ho s\u00fdra\u2026 Olivy m\u016f\u017eete ale jakkoliv m\u00edchat a v\u00edno jednodu\u0161e p\u0159izp\u016fsobit sv\u00fdm preferenc\u00edm.<\/p>\n\n\n\n<p>A je-li libo n\u011bco ost\u0159ej\u0161\u00edho, vsa\u010fte na Martini. Gin + vermut + <a href=\"https:\/\/www.franzjosefkaiser.com\/produkty_category\/olivy\/\">oliva<\/a> \u2013 i takto ikonick\u00fd n\u00e1poj dok\u00e1\u017eete snadno stvo\u0159it u sebe doma. Oliva se zde nevyu\u017e\u00edv\u00e1 pouze pro dekoraci, ale z\u00e1rove\u0148 i pro zv\u00fdrazn\u011bn\u00ed chuti. Bez n\u00ed by to jednodu\u0161e nebylo ono!<\/p>\n\n\n\n<div style=\"height:30px\" aria-hidden=\"true\" class=\"wp-block-spacer\"><\/div>\n\n\n\n<figure class=\"wp-block-image\"><img loading=\"lazy\" decoding=\"async\" width=\"1024\" height=\"1024\" src=\"https:\/\/www.franzjosefkaiser.com\/wp-content\/uploads\/2021\/08\/martini4-1024x1024.jpg\" alt=\"\" class=\"wp-image-5904\" srcset=\"https:\/\/www.franzjosefkaiser.com\/wp-content\/uploads\/2021\/08\/martini4-1024x1024.jpg 1024w, https:\/\/www.franzjosefkaiser.com\/wp-content\/uploads\/2021\/08\/martini4-150x150.jpg 150w, https:\/\/www.franzjosefkaiser.com\/wp-content\/uploads\/2021\/08\/martini4-300x300.jpg 300w, https:\/\/www.franzjosefkaiser.com\/wp-content\/uploads\/2021\/08\/martini4-768x768.jpg 768w, https:\/\/www.franzjosefkaiser.com\/wp-content\/uploads\/2021\/08\/martini4-600x600.jpg 600w, https:\/\/www.franzjosefkaiser.com\/wp-content\/uploads\/2021\/08\/martini4-1200x1200.jpg 1200w\" sizes=\"auto, (max-width: 1024px) 100vw, 1024px\" \/><\/figure>\n\n\n\n<div style=\"height:30px\" aria-hidden=\"true\" class=\"wp-block-spacer\"><\/div>\n\n\n\n<h2 class=\"wp-block-heading\"><strong>Olivy ano!<\/strong><\/h2>\n\n\n\n<p>V\u011b\u0159\u00edme, \u017ee jsme v\u00e1s o&nbsp;s\u00edle oliv\np\u0159esv\u011bd\u010dili. Vsad\u00edte na klasiku, nebo s\u00e1hnete po t\u011bch pln\u011bn\u00fdch? Vyb\u00edrejte,\nm\u00edchejte a u\u017eijte si s pr\u00e9miovou kvalitou Franz Josef Kaiser to nejkr\u00e1sn\u011bj\u0161\u00ed\nl\u00e9to. <\/p>\n\n\n\n<div style=\"height:30px\" aria-hidden=\"true\" class=\"wp-block-spacer\"><\/div>\n\n\n\n<figure class=\"wp-block-image\"><img loading=\"lazy\" decoding=\"async\" width=\"1024\" height=\"683\" src=\"https:\/\/www.franzjosefkaiser.com\/wp-content\/uploads\/2021\/08\/olivy-1024x683.png\" alt=\"\" class=\"wp-image-5909\" srcset=\"https:\/\/www.franzjosefkaiser.com\/wp-content\/uploads\/2021\/08\/olivy-1024x683.png 1024w, https:\/\/www.franzjosefkaiser.com\/wp-content\/uploads\/2021\/08\/olivy-300x200.png 300w, https:\/\/www.franzjosefkaiser.com\/wp-content\/uploads\/2021\/08\/olivy-768x512.png 768w, https:\/\/www.franzjosefkaiser.com\/wp-content\/uploads\/2021\/08\/olivy-600x400.png 600w, https:\/\/www.franzjosefkaiser.com\/wp-content\/uploads\/2021\/08\/olivy.png 1200w\" sizes=\"auto, (max-width: 1024px) 100vw, 1024px\" \/><figcaption><a href=\"https:\/\/www.franzjosefkaiser.com\/produkty_category\/olivy\/\">Pr\u00e9miov\u00e9 olivy Franz Josef Kaiser<\/a><\/figcaption><\/figure>\n","protected":false},"excerpt":{"rendered":"<p>U\u017eijte si letn\u00ed ve\u010dern\u00ed posezen\u00ed jinak a nechte se zl\u00e1kat se na gurm\u00e1nsk\u00fd v\u00fdlet do St\u0159edomo\u0159\u00ed. Nemus\u00edte p\u0159itom balit kufry a zabezpe\u010dovat byt, tu pravou st\u0159edomo\u0159skou atmosf\u00e9ru si toti\u017e d\u00edky oliv\u00e1m dok\u00e1\u017eete vychutnat i z\u00a0pohodl\u00ed domova. Vydejte se s\u00a0n\u00e1mi do \u0160pan\u011blska, Francie nebo t\u0159eba na skok do It\u00e1lie. Dr\u017ete si klobouky, vyplouv\u00e1me! Na jedlou pokli\u010dku [&hellip;]<\/p>\n","protected":false},"author":4,"featured_media":0,"comment_status":"open","ping_status":"open","sticky":false,"template":"","format":"standard","meta":{"footnotes":""},"categories":[1],"tags":[],"class_list":["post-5887","post","type-post","status-publish","format-standard","hentry","category-tipy"],"acf":[],"yoast_head":"<!-- This site is optimized with the Yoast SEO plugin v27.0 - https:\/\/yoast.com\/product\/yoast-seo-wordpress\/ -->\n<title>V\u00fdlet do St\u0159edomo\u0159\u00ed s chut\u00ed oliv - FRANZ JOSEF KAISER<\/title>\n<meta name=\"robots\" content=\"index, follow, max-snippet:-1, max-image-preview:large, max-video-preview:-1\" \/>\n<link rel=\"canonical\" href=\"https:\/\/www.franzjosefkaiser.com\/cs\/vylet-do-stredomori-s-chuti-oliv\/\" \/>\n<meta property=\"og:locale\" content=\"cs_CZ\" \/>\n<meta property=\"og:type\" content=\"article\" \/>\n<meta property=\"og:title\" content=\"V\u00fdlet do St\u0159edomo\u0159\u00ed s chut\u00ed oliv - FRANZ JOSEF KAISER\" \/>\n<meta property=\"og:description\" content=\"U\u017eijte si letn\u00ed ve\u010dern\u00ed posezen\u00ed jinak a nechte se zl\u00e1kat se na gurm\u00e1nsk\u00fd v\u00fdlet do St\u0159edomo\u0159\u00ed. Nemus\u00edte p\u0159itom balit kufry a zabezpe\u010dovat byt, tu pravou st\u0159edomo\u0159skou atmosf\u00e9ru si toti\u017e d\u00edky oliv\u00e1m dok\u00e1\u017eete vychutnat i z\u00a0pohodl\u00ed domova. Vydejte se s\u00a0n\u00e1mi do \u0160pan\u011blska, Francie nebo t\u0159eba na skok do It\u00e1lie. Dr\u017ete si klobouky, vyplouv\u00e1me! Na jedlou pokli\u010dku [&hellip;]\" \/>\n<meta property=\"og:url\" content=\"https:\/\/www.franzjosefkaiser.com\/cs\/vylet-do-stredomori-s-chuti-oliv\/\" \/>\n<meta property=\"og:site_name\" content=\"FRANZ JOSEF KAISER\" \/>\n<meta property=\"article:published_time\" content=\"2021-08-13T13:31:07+00:00\" \/>\n<meta property=\"article:modified_time\" content=\"2021-08-13T13:48:47+00:00\" \/>\n<meta property=\"og:image\" content=\"https:\/\/www.franzjosefkaiser.com\/wp-content\/uploads\/2021\/08\/IMG_7392logo-1200x800.jpg\" \/>\n<meta name=\"author\" content=\"FRANZ JOSEF KAISER\" \/>\n<meta name=\"twitter:card\" content=\"summary_large_image\" \/>\n<meta name=\"twitter:image\" content=\"https:\/\/www.franzjosefkaiser.com\/wp-content\/uploads\/2021\/08\/IMG_7392logo-1200x800.jpg\" \/>\n<meta name=\"twitter:label1\" content=\"Napsal(a)\" \/>\n\t<meta name=\"twitter:data1\" content=\"FRANZ JOSEF KAISER\" \/>\n\t<meta name=\"twitter:label2\" content=\"Odhadovan\u00e1 doba \u010dten\u00ed\" \/>\n\t<meta name=\"twitter:data2\" content=\"4 minuty\" \/>\n<script type=\"application\/ld+json\" class=\"yoast-schema-graph\">{\"@context\":\"https:\/\/schema.org\",\"@graph\":[{\"@type\":\"Article\",\"@id\":\"https:\/\/www.franzjosefkaiser.com\/cs\/vylet-do-stredomori-s-chuti-oliv\/#article\",\"isPartOf\":{\"@id\":\"https:\/\/www.franzjosefkaiser.com\/cs\/vylet-do-stredomori-s-chuti-oliv\/\"},\"author\":{\"name\":\"FRANZ JOSEF KAISER\",\"@id\":\"https:\/\/www.franzjosefkaiser.com\/cs\/#\/schema\/person\/93d860210b56e4becf13b918428c54cb\"},\"headline\":\"V\u00fdlet do St\u0159edomo\u0159\u00ed s chut\u00ed oliv\",\"datePublished\":\"2021-08-13T13:31:07+00:00\",\"dateModified\":\"2021-08-13T13:48:47+00:00\",\"mainEntityOfPage\":{\"@id\":\"https:\/\/www.franzjosefkaiser.com\/cs\/vylet-do-stredomori-s-chuti-oliv\/\"},\"wordCount\":714,\"commentCount\":0,\"publisher\":{\"@id\":\"https:\/\/www.franzjosefkaiser.com\/cs\/#organization\"},\"image\":{\"@id\":\"https:\/\/www.franzjosefkaiser.com\/cs\/vylet-do-stredomori-s-chuti-oliv\/#primaryimage\"},\"thumbnailUrl\":\"https:\/\/www.franzjosefkaiser.com\/wp-content\/uploads\/2021\/08\/IMG_7394-1024x1024.jpg\",\"articleSection\":[\"Tipy\"],\"inLanguage\":\"cs\",\"potentialAction\":[{\"@type\":\"CommentAction\",\"name\":\"Comment\",\"target\":[\"https:\/\/www.franzjosefkaiser.com\/cs\/vylet-do-stredomori-s-chuti-oliv\/#respond\"]}]},{\"@type\":\"WebPage\",\"@id\":\"https:\/\/www.franzjosefkaiser.com\/cs\/vylet-do-stredomori-s-chuti-oliv\/\",\"url\":\"https:\/\/www.franzjosefkaiser.com\/cs\/vylet-do-stredomori-s-chuti-oliv\/\",\"name\":\"V\u00fdlet do St\u0159edomo\u0159\u00ed s chut\u00ed oliv - FRANZ JOSEF KAISER\",\"isPartOf\":{\"@id\":\"https:\/\/www.franzjosefkaiser.com\/cs\/#website\"},\"primaryImageOfPage\":{\"@id\":\"https:\/\/www.franzjosefkaiser.com\/cs\/vylet-do-stredomori-s-chuti-oliv\/#primaryimage\"},\"image\":{\"@id\":\"https:\/\/www.franzjosefkaiser.com\/cs\/vylet-do-stredomori-s-chuti-oliv\/#primaryimage\"},\"thumbnailUrl\":\"https:\/\/www.franzjosefkaiser.com\/wp-content\/uploads\/2021\/08\/IMG_7394-1024x1024.jpg\",\"datePublished\":\"2021-08-13T13:31:07+00:00\",\"dateModified\":\"2021-08-13T13:48:47+00:00\",\"breadcrumb\":{\"@id\":\"https:\/\/www.franzjosefkaiser.com\/cs\/vylet-do-stredomori-s-chuti-oliv\/#breadcrumb\"},\"inLanguage\":\"cs\",\"potentialAction\":[{\"@type\":\"ReadAction\",\"target\":[\"https:\/\/www.franzjosefkaiser.com\/cs\/vylet-do-stredomori-s-chuti-oliv\/\"]}]},{\"@type\":\"ImageObject\",\"inLanguage\":\"cs\",\"@id\":\"https:\/\/www.franzjosefkaiser.com\/cs\/vylet-do-stredomori-s-chuti-oliv\/#primaryimage\",\"url\":\"https:\/\/www.franzjosefkaiser.com\/wp-content\/uploads\/2021\/08\/IMG_7394-1024x1024.jpg\",\"contentUrl\":\"https:\/\/www.franzjosefkaiser.com\/wp-content\/uploads\/2021\/08\/IMG_7394-1024x1024.jpg\"},{\"@type\":\"BreadcrumbList\",\"@id\":\"https:\/\/www.franzjosefkaiser.com\/cs\/vylet-do-stredomori-s-chuti-oliv\/#breadcrumb\",\"itemListElement\":[{\"@type\":\"ListItem\",\"position\":1,\"name\":\"Dom\u016f\",\"item\":\"https:\/\/www.franzjosefkaiser.com\/cs\/\"},{\"@type\":\"ListItem\",\"position\":2,\"name\":\"V\u00fdlet do St\u0159edomo\u0159\u00ed s chut\u00ed oliv\"}]},{\"@type\":\"WebSite\",\"@id\":\"https:\/\/www.franzjosefkaiser.com\/cs\/#website\",\"url\":\"https:\/\/www.franzjosefkaiser.com\/cs\/\",\"name\":\"FRANZ JOSEF KAISER\",\"description\":\"\",\"publisher\":{\"@id\":\"https:\/\/www.franzjosefkaiser.com\/cs\/#organization\"},\"potentialAction\":[{\"@type\":\"SearchAction\",\"target\":{\"@type\":\"EntryPoint\",\"urlTemplate\":\"https:\/\/www.franzjosefkaiser.com\/cs\/?s={search_term_string}\"},\"query-input\":{\"@type\":\"PropertyValueSpecification\",\"valueRequired\":true,\"valueName\":\"search_term_string\"}}],\"inLanguage\":\"cs\"},{\"@type\":\"Organization\",\"@id\":\"https:\/\/www.franzjosefkaiser.com\/cs\/#organization\",\"name\":\"GASTON, s.r.o.\",\"url\":\"https:\/\/www.franzjosefkaiser.com\/cs\/\",\"logo\":{\"@type\":\"ImageObject\",\"inLanguage\":\"cs\",\"@id\":\"https:\/\/www.franzjosefkaiser.com\/cs\/#\/schema\/logo\/image\/\",\"url\":\"https:\/\/www.franzjosefkaiser.com\/wp-content\/uploads\/2019\/10\/fj_logo.png\",\"contentUrl\":\"https:\/\/www.franzjosefkaiser.com\/wp-content\/uploads\/2019\/10\/fj_logo.png\",\"width\":770,\"height\":741,\"caption\":\"GASTON, s.r.o.\"},\"image\":{\"@id\":\"https:\/\/www.franzjosefkaiser.com\/cs\/#\/schema\/logo\/image\/\"}},{\"@type\":\"Person\",\"@id\":\"https:\/\/www.franzjosefkaiser.com\/cs\/#\/schema\/person\/93d860210b56e4becf13b918428c54cb\",\"name\":\"FRANZ JOSEF KAISER\",\"image\":{\"@type\":\"ImageObject\",\"inLanguage\":\"cs\",\"@id\":\"https:\/\/www.franzjosefkaiser.com\/cs\/#\/schema\/person\/image\/\",\"url\":\"https:\/\/secure.gravatar.com\/avatar\/c4d9406ef83c90e4349f88e9644c24948c0bbec428d3de93aa14bfa69b1e1be5?s=96&d=mm&r=g\",\"contentUrl\":\"https:\/\/secure.gravatar.com\/avatar\/c4d9406ef83c90e4349f88e9644c24948c0bbec428d3de93aa14bfa69b1e1be5?s=96&d=mm&r=g\",\"caption\":\"FRANZ JOSEF KAISER\"}}]}<\/script>\n<!-- \/ Yoast SEO plugin. -->","yoast_head_json":{"title":"V\u00fdlet do St\u0159edomo\u0159\u00ed s chut\u00ed oliv - FRANZ JOSEF KAISER","robots":{"index":"index","follow":"follow","max-snippet":"max-snippet:-1","max-image-preview":"max-image-preview:large","max-video-preview":"max-video-preview:-1"},"canonical":"https:\/\/www.franzjosefkaiser.com\/cs\/vylet-do-stredomori-s-chuti-oliv\/","og_locale":"cs_CZ","og_type":"article","og_title":"V\u00fdlet do St\u0159edomo\u0159\u00ed s chut\u00ed oliv - FRANZ JOSEF KAISER","og_description":"U\u017eijte si letn\u00ed ve\u010dern\u00ed posezen\u00ed jinak a nechte se zl\u00e1kat se na gurm\u00e1nsk\u00fd v\u00fdlet do St\u0159edomo\u0159\u00ed. Nemus\u00edte p\u0159itom balit kufry a zabezpe\u010dovat byt, tu pravou st\u0159edomo\u0159skou atmosf\u00e9ru si toti\u017e d\u00edky oliv\u00e1m dok\u00e1\u017eete vychutnat i z\u00a0pohodl\u00ed domova. Vydejte se s\u00a0n\u00e1mi do \u0160pan\u011blska, Francie nebo t\u0159eba na skok do It\u00e1lie. Dr\u017ete si klobouky, vyplouv\u00e1me! Na jedlou pokli\u010dku [&hellip;]","og_url":"https:\/\/www.franzjosefkaiser.com\/cs\/vylet-do-stredomori-s-chuti-oliv\/","og_site_name":"FRANZ JOSEF KAISER","article_published_time":"2021-08-13T13:31:07+00:00","article_modified_time":"2021-08-13T13:48:47+00:00","og_image":[{"url":"https:\/\/www.franzjosefkaiser.com\/wp-content\/uploads\/2021\/08\/IMG_7392logo-1200x800.jpg","type":"","width":"","height":""}],"author":"FRANZ JOSEF KAISER","twitter_card":"summary_large_image","twitter_image":"https:\/\/www.franzjosefkaiser.com\/wp-content\/uploads\/2021\/08\/IMG_7392logo-1200x800.jpg","twitter_misc":{"Napsal(a)":"FRANZ JOSEF KAISER","Odhadovan\u00e1 doba \u010dten\u00ed":"4 minuty"},"schema":{"@context":"https:\/\/schema.org","@graph":[{"@type":"Article","@id":"https:\/\/www.franzjosefkaiser.com\/cs\/vylet-do-stredomori-s-chuti-oliv\/#article","isPartOf":{"@id":"https:\/\/www.franzjosefkaiser.com\/cs\/vylet-do-stredomori-s-chuti-oliv\/"},"author":{"name":"FRANZ JOSEF KAISER","@id":"https:\/\/www.franzjosefkaiser.com\/cs\/#\/schema\/person\/93d860210b56e4becf13b918428c54cb"},"headline":"V\u00fdlet do St\u0159edomo\u0159\u00ed s chut\u00ed oliv","datePublished":"2021-08-13T13:31:07+00:00","dateModified":"2021-08-13T13:48:47+00:00","mainEntityOfPage":{"@id":"https:\/\/www.franzjosefkaiser.com\/cs\/vylet-do-stredomori-s-chuti-oliv\/"},"wordCount":714,"commentCount":0,"publisher":{"@id":"https:\/\/www.franzjosefkaiser.com\/cs\/#organization"},"image":{"@id":"https:\/\/www.franzjosefkaiser.com\/cs\/vylet-do-stredomori-s-chuti-oliv\/#primaryimage"},"thumbnailUrl":"https:\/\/www.franzjosefkaiser.com\/wp-content\/uploads\/2021\/08\/IMG_7394-1024x1024.jpg","articleSection":["Tipy"],"inLanguage":"cs","potentialAction":[{"@type":"CommentAction","name":"Comment","target":["https:\/\/www.franzjosefkaiser.com\/cs\/vylet-do-stredomori-s-chuti-oliv\/#respond"]}]},{"@type":"WebPage","@id":"https:\/\/www.franzjosefkaiser.com\/cs\/vylet-do-stredomori-s-chuti-oliv\/","url":"https:\/\/www.franzjosefkaiser.com\/cs\/vylet-do-stredomori-s-chuti-oliv\/","name":"V\u00fdlet do St\u0159edomo\u0159\u00ed s chut\u00ed oliv - FRANZ JOSEF KAISER","isPartOf":{"@id":"https:\/\/www.franzjosefkaiser.com\/cs\/#website"},"primaryImageOfPage":{"@id":"https:\/\/www.franzjosefkaiser.com\/cs\/vylet-do-stredomori-s-chuti-oliv\/#primaryimage"},"image":{"@id":"https:\/\/www.franzjosefkaiser.com\/cs\/vylet-do-stredomori-s-chuti-oliv\/#primaryimage"},"thumbnailUrl":"https:\/\/www.franzjosefkaiser.com\/wp-content\/uploads\/2021\/08\/IMG_7394-1024x1024.jpg","datePublished":"2021-08-13T13:31:07+00:00","dateModified":"2021-08-13T13:48:47+00:00","breadcrumb":{"@id":"https:\/\/www.franzjosefkaiser.com\/cs\/vylet-do-stredomori-s-chuti-oliv\/#breadcrumb"},"inLanguage":"cs","potentialAction":[{"@type":"ReadAction","target":["https:\/\/www.franzjosefkaiser.com\/cs\/vylet-do-stredomori-s-chuti-oliv\/"]}]},{"@type":"ImageObject","inLanguage":"cs","@id":"https:\/\/www.franzjosefkaiser.com\/cs\/vylet-do-stredomori-s-chuti-oliv\/#primaryimage","url":"https:\/\/www.franzjosefkaiser.com\/wp-content\/uploads\/2021\/08\/IMG_7394-1024x1024.jpg","contentUrl":"https:\/\/www.franzjosefkaiser.com\/wp-content\/uploads\/2021\/08\/IMG_7394-1024x1024.jpg"},{"@type":"BreadcrumbList","@id":"https:\/\/www.franzjosefkaiser.com\/cs\/vylet-do-stredomori-s-chuti-oliv\/#breadcrumb","itemListElement":[{"@type":"ListItem","position":1,"name":"Dom\u016f","item":"https:\/\/www.franzjosefkaiser.com\/cs\/"},{"@type":"ListItem","position":2,"name":"V\u00fdlet do St\u0159edomo\u0159\u00ed s chut\u00ed oliv"}]},{"@type":"WebSite","@id":"https:\/\/www.franzjosefkaiser.com\/cs\/#website","url":"https:\/\/www.franzjosefkaiser.com\/cs\/","name":"FRANZ JOSEF KAISER","description":"","publisher":{"@id":"https:\/\/www.franzjosefkaiser.com\/cs\/#organization"},"potentialAction":[{"@type":"SearchAction","target":{"@type":"EntryPoint","urlTemplate":"https:\/\/www.franzjosefkaiser.com\/cs\/?s={search_term_string}"},"query-input":{"@type":"PropertyValueSpecification","valueRequired":true,"valueName":"search_term_string"}}],"inLanguage":"cs"},{"@type":"Organization","@id":"https:\/\/www.franzjosefkaiser.com\/cs\/#organization","name":"GASTON, s.r.o.","url":"https:\/\/www.franzjosefkaiser.com\/cs\/","logo":{"@type":"ImageObject","inLanguage":"cs","@id":"https:\/\/www.franzjosefkaiser.com\/cs\/#\/schema\/logo\/image\/","url":"https:\/\/www.franzjosefkaiser.com\/wp-content\/uploads\/2019\/10\/fj_logo.png","contentUrl":"https:\/\/www.franzjosefkaiser.com\/wp-content\/uploads\/2019\/10\/fj_logo.png","width":770,"height":741,"caption":"GASTON, s.r.o."},"image":{"@id":"https:\/\/www.franzjosefkaiser.com\/cs\/#\/schema\/logo\/image\/"}},{"@type":"Person","@id":"https:\/\/www.franzjosefkaiser.com\/cs\/#\/schema\/person\/93d860210b56e4becf13b918428c54cb","name":"FRANZ JOSEF KAISER","image":{"@type":"ImageObject","inLanguage":"cs","@id":"https:\/\/www.franzjosefkaiser.com\/cs\/#\/schema\/person\/image\/","url":"https:\/\/secure.gravatar.com\/avatar\/c4d9406ef83c90e4349f88e9644c24948c0bbec428d3de93aa14bfa69b1e1be5?s=96&d=mm&r=g","contentUrl":"https:\/\/secure.gravatar.com\/avatar\/c4d9406ef83c90e4349f88e9644c24948c0bbec428d3de93aa14bfa69b1e1be5?s=96&d=mm&r=g","caption":"FRANZ JOSEF KAISER"}}]}},"_links":{"self":[{"href":"https:\/\/www.franzjosefkaiser.com\/cs\/wp-json\/wp\/v2\/posts\/5887","targetHints":{"allow":["GET"]}}],"collection":[{"href":"https:\/\/www.franzjosefkaiser.com\/cs\/wp-json\/wp\/v2\/posts"}],"about":[{"href":"https:\/\/www.franzjosefkaiser.com\/cs\/wp-json\/wp\/v2\/types\/post"}],"author":[{"embeddable":true,"href":"https:\/\/www.franzjosefkaiser.com\/cs\/wp-json\/wp\/v2\/users\/4"}],"replies":[{"embeddable":true,"href":"https:\/\/www.franzjosefkaiser.com\/cs\/wp-json\/wp\/v2\/comments?post=5887"}],"version-history":[{"count":4,"href":"https:\/\/www.franzjosefkaiser.com\/cs\/wp-json\/wp\/v2\/posts\/5887\/revisions"}],"predecessor-version":[{"id":5916,"href":"https:\/\/www.franzjosefkaiser.com\/cs\/wp-json\/wp\/v2\/posts\/5887\/revisions\/5916"}],"wp:attachment":[{"href":"https:\/\/www.franzjosefkaiser.com\/cs\/wp-json\/wp\/v2\/media?parent=5887"}],"wp:term":[{"taxonomy":"category","embeddable":true,"href":"https:\/\/www.franzjosefkaiser.com\/cs\/wp-json\/wp\/v2\/categories?post=5887"},{"taxonomy":"post_tag","embeddable":true,"href":"https:\/\/www.franzjosefkaiser.com\/cs\/wp-json\/wp\/v2\/tags?post=5887"}],"curies":[{"name":"wp","href":"https:\/\/api.w.org\/{rel}","templated":true}]}}