{"id":6037,"date":"2021-09-08T20:56:25","date_gmt":"2021-09-08T18:56:25","guid":{"rendered":"https:\/\/www.franzjosefkaiser.com\/?p=6037"},"modified":"2021-09-08T20:57:07","modified_gmt":"2021-09-08T18:57:07","slug":"zpatky-do-skoly-s-chuti-franz-josef-kaiser","status":"publish","type":"post","link":"https:\/\/www.franzjosefkaiser.com\/cs\/zpatky-do-skoly-s-chuti-franz-josef-kaiser\/","title":{"rendered":"Zp\u00e1tky do \u0161koly s chut\u00ed Franz Josef Kaiser"},"content":{"rendered":"\n<p>V\u0161imli jste si, jak b\u011bhem \u0161koln\u00edho roku \u010das rychle b\u011b\u017e\u00ed? Odv\u00e9zt\ndo \u0161koly, pak honem do pr\u00e1ce, vyzvednout v dru\u017ein\u011b, zav\u00e9zt na krou\u017eky, zajistit\nn\u00e1kupy, napsat \u00fakoly\u2026 a do toho v\u0161eho ide\u00e1ln\u011b vt\u011bsnat p\u0159\u00edpravu zdrav\u00e9ho\ndom\u00e1c\u00edho j\u00eddla pro celou rodinu. To aby se \u010dlov\u011bk rozkr\u00e1jel. Ur\u010dit\u011b v\u00e1m proto\np\u0159ijde vhod p\u00e1r tip\u016f, jak rychle, chutn\u011b a dob\u0159e zasytit mal\u00e9 i velk\u00e9, a z\u00edskat\ntak v\u00edc \u010dasu na hran\u00ed s d\u011btmi a t\u0159eba i na sv\u00e9 kon\u00ed\u010dky.<\/p>\n\n\n\n<div style=\"height:30px\" aria-hidden=\"true\" class=\"wp-block-spacer\"><\/div>\n\n\n\n<h2 class=\"wp-block-heading\"><strong>T\u011bstoviny a om\u00e1\u010dky se nikdy nep\u0159ej\u00ed<\/strong><\/h2>\n\n\n\n<p>Proto Franz Josef Kaiser uva\u0159il a zava\u0159il hned <a href=\"https:\/\/www.franzjosefkaiser.com\/?s=om%C3%A1%C4%8Dka&amp;pt=product\">p\u011bt vynikaj\u00edc\u00edch om\u00e1\u010dek<\/a> z\u00a0prvot\u0159\u00eddn\u00edch surovin. Sta\u010d\u00ed je otev\u0159\u00edt, oh\u0159\u00e1t, zal\u00edt s\u00a0nimi t\u011bstoviny nebo r\u00fd\u017ei \u2013 a vida! Rychl\u00fd a vo\u0148av\u00fd ob\u011bd je na stole.<\/p>\n\n\n\n<p>Z\u00e1kladem <a href=\"https:\/\/www.franzjosefkaiser.com\/?s=om%C3%A1%C4%8Dka&amp;pt=product\">om\u00e1\u010dek <\/a>Franz Josef Kaiser jsou zral\u00e1 \u010derstv\u00e1 raj\u010data, li\u0161\u00ed se v\u0161ak od sebe v\u00fdb\u011brem dal\u0161\u00edch ingredienc\u00ed, kter\u00e9 d\u011blaj\u00ed z\u00a0ka\u017ed\u00e9 origin\u00e1ln\u00ed gurm\u00e1nskou pochoutku. Klasick\u00e1 <a href=\"https:\/\/www.franzjosefkaiser.com\/produkty\/bolognese-rajcatova-omacka-se-zeleninou-a-hovezim-masem-350g\/\">Bolognese <\/a>raj\u010datov\u00e1 om\u00e1\u010dka s\u00a0hov\u011bz\u00edm masem a zeleninou je u\u017e v\u00a0\u010desk\u00e9 kuchyni st\u00e1lic\u00ed, <a href=\"https:\/\/www.franzjosefkaiser.com\/produkty\/basilico-rajcatova-omacka-s-bazalkou-350g\/\">Basilico<\/a> je bez masa, zato kr\u00e1sn\u011b von\u00ed po bazalce. Chu\u0165 <a href=\"https:\/\/www.franzjosefkaiser.com\/produkty\/napoletana-rajcatova-omacka-se-zeleninou-350g\/\">Napoletany<\/a> zase p\u0159\u00edjemn\u011b dopl\u0148uje mrkev, <a href=\"https:\/\/www.franzjosefkaiser.com\/produkty\/olive-rajcatova-omacka-se-zelenymi-a-cernymi-olivami-350g\/\">Olive<\/a> v sob\u011b kombinuje \u010dern\u00e9 a zelen\u00e9 olivy a <a href=\"https:\/\/www.franzjosefkaiser.com\/produkty\/arrabbiata-rajcatova-omacka-s-chilli-350g\/\">Arrabbiata<\/a> je p\u0159ipraven\u00e1 oslnit v\u0161echny, kdo maj\u00ed r\u00e1di ost\u0159ej\u0161\u00ed pokrmy. <\/p>\n\n\n\n<div style=\"height:30px\" aria-hidden=\"true\" class=\"wp-block-spacer\"><\/div>\n\n\n\n<div class=\"wp-block-columns has-2-columns is-layout-flex wp-container-core-columns-is-layout-9d6595d7 wp-block-columns-is-layout-flex\">\n<div class=\"wp-block-column is-layout-flow wp-block-column-is-layout-flow\">\n<div class=\"wp-block-image\"><figure class=\"aligncenter\"><img loading=\"lazy\" decoding=\"async\" width=\"200\" height=\"300\" src=\"https:\/\/www.franzjosefkaiser.com\/wp-content\/uploads\/2020\/08\/omacka_olive-200x300.png\" alt=\"\" class=\"wp-image-3272\" srcset=\"https:\/\/www.franzjosefkaiser.com\/wp-content\/uploads\/2020\/08\/omacka_olive-200x300.png 200w, https:\/\/www.franzjosefkaiser.com\/wp-content\/uploads\/2020\/08\/omacka_olive-768x1152.png 768w, https:\/\/www.franzjosefkaiser.com\/wp-content\/uploads\/2020\/08\/omacka_olive-682x1024.png 682w, https:\/\/www.franzjosefkaiser.com\/wp-content\/uploads\/2020\/08\/omacka_olive-400x600.png 400w, https:\/\/www.franzjosefkaiser.com\/wp-content\/uploads\/2020\/08\/omacka_olive.png 1181w\" sizes=\"auto, (max-width: 200px) 100vw, 200px\" \/><figcaption><a href=\"https:\/\/www.franzjosefkaiser.com\/produkty\/olive-rajcatova-omacka-se-zelenymi-a-cernymi-olivami-350g\/\">Olive raj\u010datov\u00e1 om\u00e1\u010dka se zelen\u00fdmi a \u010dern\u00fdmi olivami 350g<\/a><\/figcaption><\/figure><\/div>\n<\/div>\n\n\n\n<div class=\"wp-block-column is-layout-flow wp-block-column-is-layout-flow\">\n<div class=\"wp-block-image\"><figure class=\"aligncenter\"><img loading=\"lazy\" decoding=\"async\" width=\"200\" height=\"300\" src=\"https:\/\/www.franzjosefkaiser.com\/wp-content\/uploads\/2020\/08\/omacka_napoletana-200x300.png\" alt=\"\" class=\"wp-image-3267\" srcset=\"https:\/\/www.franzjosefkaiser.com\/wp-content\/uploads\/2020\/08\/omacka_napoletana-200x300.png 200w, https:\/\/www.franzjosefkaiser.com\/wp-content\/uploads\/2020\/08\/omacka_napoletana-768x1152.png 768w, https:\/\/www.franzjosefkaiser.com\/wp-content\/uploads\/2020\/08\/omacka_napoletana-682x1024.png 682w, https:\/\/www.franzjosefkaiser.com\/wp-content\/uploads\/2020\/08\/omacka_napoletana-400x600.png 400w, https:\/\/www.franzjosefkaiser.com\/wp-content\/uploads\/2020\/08\/omacka_napoletana.png 1181w\" sizes=\"auto, (max-width: 200px) 100vw, 200px\" \/><figcaption><a href=\"https:\/\/www.franzjosefkaiser.com\/produkty\/napoletana-rajcatova-omacka-se-zeleninou-350g\/\">Napoletana raj\u010datov\u00e1 om\u00e1\u010dka se zeleninou 350g<\/a><\/figcaption><\/figure><\/div>\n<\/div>\n<\/div>\n\n\n\n<div class=\"wp-block-columns has-2-columns is-layout-flex wp-container-core-columns-is-layout-9d6595d7 wp-block-columns-is-layout-flex\">\n<div class=\"wp-block-column is-layout-flow wp-block-column-is-layout-flow\">\n<div class=\"wp-block-image\"><figure class=\"aligncenter\"><img loading=\"lazy\" decoding=\"async\" width=\"173\" height=\"300\" src=\"https:\/\/www.franzjosefkaiser.com\/wp-content\/uploads\/2020\/08\/omacka_bolognese-173x300.png\" alt=\"\" class=\"wp-image-3262\" srcset=\"https:\/\/www.franzjosefkaiser.com\/wp-content\/uploads\/2020\/08\/omacka_bolognese-173x300.png 173w, https:\/\/www.franzjosefkaiser.com\/wp-content\/uploads\/2020\/08\/omacka_bolognese-768x1331.png 768w, https:\/\/www.franzjosefkaiser.com\/wp-content\/uploads\/2020\/08\/omacka_bolognese-591x1024.png 591w, https:\/\/www.franzjosefkaiser.com\/wp-content\/uploads\/2020\/08\/omacka_bolognese-346x600.png 346w, https:\/\/www.franzjosefkaiser.com\/wp-content\/uploads\/2020\/08\/omacka_bolognese.png 1025w\" sizes=\"auto, (max-width: 173px) 100vw, 173px\" \/><figcaption> <a href=\"https:\/\/www.franzjosefkaiser.com\/produkty\/bolognese-rajcatova-omacka-se-zeleninou-a-hovezim-masem-350g\/\">Bolognese raj\u010datov\u00e1 om\u00e1\u010dka se zeleninou a hov\u011bz\u00edm masem 350g<\/a><\/figcaption><\/figure><\/div>\n<\/div>\n\n\n\n<div class=\"wp-block-column is-layout-flow wp-block-column-is-layout-flow\">\n<div class=\"wp-block-image\"><figure class=\"aligncenter\"><img loading=\"lazy\" decoding=\"async\" width=\"200\" height=\"300\" src=\"https:\/\/www.franzjosefkaiser.com\/wp-content\/uploads\/2020\/08\/omacka_basilico-200x300.png\" alt=\"\" class=\"wp-image-3257\" srcset=\"https:\/\/www.franzjosefkaiser.com\/wp-content\/uploads\/2020\/08\/omacka_basilico-200x300.png 200w, https:\/\/www.franzjosefkaiser.com\/wp-content\/uploads\/2020\/08\/omacka_basilico-768x1152.png 768w, https:\/\/www.franzjosefkaiser.com\/wp-content\/uploads\/2020\/08\/omacka_basilico-682x1024.png 682w, https:\/\/www.franzjosefkaiser.com\/wp-content\/uploads\/2020\/08\/omacka_basilico-400x600.png 400w, https:\/\/www.franzjosefkaiser.com\/wp-content\/uploads\/2020\/08\/omacka_basilico.png 1181w\" sizes=\"auto, (max-width: 200px) 100vw, 200px\" \/><figcaption><a href=\"https:\/\/www.franzjosefkaiser.com\/produkty\/basilico-rajcatova-omacka-s-bazalkou-350g\/\">Basilico raj\u010datov\u00e1 om\u00e1\u010dka s bazalkou 350g<\/a><br> <\/figcaption><\/figure><\/div>\n<\/div>\n<\/div>\n\n\n\n<div class=\"wp-block-image\"><figure class=\"aligncenter\"><img loading=\"lazy\" decoding=\"async\" width=\"200\" height=\"300\" src=\"https:\/\/www.franzjosefkaiser.com\/wp-content\/uploads\/2020\/08\/omacka_arrabbiata-200x300.png\" alt=\"\" class=\"wp-image-3252\" srcset=\"https:\/\/www.franzjosefkaiser.com\/wp-content\/uploads\/2020\/08\/omacka_arrabbiata-200x300.png 200w, https:\/\/www.franzjosefkaiser.com\/wp-content\/uploads\/2020\/08\/omacka_arrabbiata-768x1152.png 768w, https:\/\/www.franzjosefkaiser.com\/wp-content\/uploads\/2020\/08\/omacka_arrabbiata-682x1024.png 682w, https:\/\/www.franzjosefkaiser.com\/wp-content\/uploads\/2020\/08\/omacka_arrabbiata-400x600.png 400w, https:\/\/www.franzjosefkaiser.com\/wp-content\/uploads\/2020\/08\/omacka_arrabbiata.png 1181w\" sizes=\"auto, (max-width: 200px) 100vw, 200px\" \/><figcaption><a href=\"https:\/\/www.franzjosefkaiser.com\/produkty\/arrabbiata-rajcatova-omacka-s-chilli-350g\/\">Arrabbiata raj\u010datov\u00e1 om\u00e1\u010dka s chilli 350g<\/a><\/figcaption><\/figure><\/div>\n\n\n\n<div style=\"height:30px\" aria-hidden=\"true\" class=\"wp-block-spacer\"><\/div>\n\n\n\n<h2 class=\"wp-block-heading\"><strong>Na t\u011bstovin\u00e1ch z\u00e1le\u017e\u00ed<\/strong><\/h2>\n\n\n\n<p>Aby chu\u0165 om\u00e1\u010dek spr\u00e1vn\u011b vynikla, je vhodn\u00e9 zvolit k&nbsp;nim\ntak\u00e9 kvalitn\u00ed t\u011bstoviny. Takov\u00e9, kter\u00e9 se nerozva\u0159\u00ed, nelep\u00ed, z\u016fst\u00e1vaj\u00ed po\nuva\u0159en\u00ed pru\u017en\u00e9 a dr\u017e\u00ed si sv\u016fj tvar. S\u00e1zkou na jistotu jsou t\u011bstoviny vyroben\u00e9\nze semoliny, mouky vyroben\u00e9 z&nbsp;tvrdozrnn\u00e9 p\u0161enice. I ty Franz Josef Kaiser\ngurm\u00e1n\u016fm nab\u00edz\u00ed ve 4 obl\u00edben\u00fdch tvarech \u2013 Spaghetti, Fusilli, Penne a Chifferi.<\/p>\n\n\n\n<div style=\"height:30px\" aria-hidden=\"true\" class=\"wp-block-spacer\"><\/div>\n\n\n\n<div class=\"wp-block-image\"><figure class=\"aligncenter\"><img loading=\"lazy\" decoding=\"async\" width=\"1024\" height=\"1024\" src=\"https:\/\/www.franzjosefkaiser.com\/wp-content\/uploads\/2020\/09\/penne12-1024x1024.jpg\" alt=\"\" class=\"wp-image-3535\" srcset=\"https:\/\/www.franzjosefkaiser.com\/wp-content\/uploads\/2020\/09\/penne12-1024x1024.jpg 1024w, https:\/\/www.franzjosefkaiser.com\/wp-content\/uploads\/2020\/09\/penne12-150x150.jpg 150w, https:\/\/www.franzjosefkaiser.com\/wp-content\/uploads\/2020\/09\/penne12-300x300.jpg 300w, https:\/\/www.franzjosefkaiser.com\/wp-content\/uploads\/2020\/09\/penne12-768x768.jpg 768w, https:\/\/www.franzjosefkaiser.com\/wp-content\/uploads\/2020\/09\/penne12-600x600.jpg 600w, https:\/\/www.franzjosefkaiser.com\/wp-content\/uploads\/2020\/09\/penne12-1200x1200.jpg 1200w\" sizes=\"auto, (max-width: 1024px) 100vw, 1024px\" \/><figcaption> <a href=\"https:\/\/www.franzjosefkaiser.com\/recepty\/zapecene-testoviny-s-tunakovym-salatem-mexiko\/\">Zape\u010den\u00e9 t\u011bstoviny s tu\u0148\u00e1kov\u00fdm sal\u00e1tem Mexiko<\/a> <\/figcaption><\/figure><\/div>\n\n\n\n<div style=\"height:30px\" aria-hidden=\"true\" class=\"wp-block-spacer\"><\/div>\n\n\n\n<h2 class=\"wp-block-heading\"><strong>Pesto &amp; pasta <\/strong><\/h2>\n\n\n\n<p>Dal\u0161\u00ed mimo\u0159\u00e1dn\u011b rychlou a v\u00fd\u017eivnou ve\u010de\u0159\u00ed mohou b\u00fdt\nt\u011bstoviny s&nbsp;pestem a posypan\u00e9 dobr\u00fdm s\u00fdrem. V&nbsp;podstat\u011b je zelen\u00e9\npesto rozdrcen\u00e1 sm\u011bs \u010desneku, bazalky, s\u00fdru, piniov\u00fdch o\u0159\u00ed\u0161k\u016f a olivov\u00e9ho oleje,\nto je takzvan\u00e9 Janovsk\u00e9 pesto, nebo chcete-li Pesto alla Genovese. Hod\u00ed se nejen\nna t\u011bstoviny, ale tak\u00e9 na spoustu dal\u0161\u00edch dobrot, kter\u00e9 jsou hotov\u00e9 raz dva a\nzvl\u00e1dnou je p\u0159ipravit i \u0161ikovn\u00ed \u0161kol\u00e1ci. Takov\u00fd pln\u011bn\u00fd croissant bude ke\nsva\u010din\u011b zaru\u010den\u011b chutnat je\u0161t\u011b l\u00e9pe, kdy\u017e si ho mal\u00fd str\u00e1vn\u00edk vlastnoru\u010dn\u011b\nnachyst\u00e1.<strong><br>\n<\/strong><\/p>\n\n\n\n<div style=\"height:30px\" aria-hidden=\"true\" class=\"wp-block-spacer\"><\/div>\n\n\n\n<h3 class=\"wp-block-heading\"><strong>Pln\u011bn\u00fd croissant se\nzelen\u00fdm pestem<\/strong><\/h3>\n\n\n\n<ul class=\"wp-block-list\"><li>Croissant<\/li><li><a href=\"https:\/\/www.franzjosefkaiser.com\/produkty\/pesto-alla-genovese-190g\/\">Pesto alla Genovese 190g<\/a><\/li><li>Listov\u00fd sal\u00e1t<\/li><li>Mozzarella<\/li><li>\u0160unka<\/li><li>Raj\u010de<\/li><\/ul>\n\n\n\n<p>Croissant pod\u00e9ln\u011b rozpulte, nat\u0159ete pestem a napl\u0148te \u0161unkou, s\u00fdrem, sal\u00e1tem a raj\u010detem. Hotovo!<\/p>\n\n\n\n<div style=\"height:30px\" aria-hidden=\"true\" class=\"wp-block-spacer\"><\/div>\n\n\n\n<figure class=\"wp-block-image\"><img loading=\"lazy\" decoding=\"async\" width=\"1024\" height=\"683\" src=\"https:\/\/www.franzjosefkaiser.com\/wp-content\/uploads\/2020\/09\/crois3-1024x683.jpg\" alt=\"\" class=\"wp-image-3543\" srcset=\"https:\/\/www.franzjosefkaiser.com\/wp-content\/uploads\/2020\/09\/crois3-1024x683.jpg 1024w, https:\/\/www.franzjosefkaiser.com\/wp-content\/uploads\/2020\/09\/crois3-300x200.jpg 300w, https:\/\/www.franzjosefkaiser.com\/wp-content\/uploads\/2020\/09\/crois3-768x512.jpg 768w, https:\/\/www.franzjosefkaiser.com\/wp-content\/uploads\/2020\/09\/crois3-600x400.jpg 600w, https:\/\/www.franzjosefkaiser.com\/wp-content\/uploads\/2020\/09\/crois3-1200x800.jpg 1200w\" sizes=\"auto, (max-width: 1024px) 100vw, 1024px\" \/><\/figure>\n\n\n\n<div style=\"height:30px\" aria-hidden=\"true\" class=\"wp-block-spacer\"><\/div>\n\n\n\n<p>Cht\u011bli byste stejn\u011b jednoduch\u00fd recept i na teplou ve\u010de\u0159i?\nTady je:<\/p>\n\n\n\n<div style=\"height:30px\" aria-hidden=\"true\" class=\"wp-block-spacer\"><\/div>\n\n\n\n<div class=\"wp-block-image\"><figure class=\"aligncenter\"><img loading=\"lazy\" decoding=\"async\" width=\"1024\" height=\"1024\" src=\"https:\/\/www.franzjosefkaiser.com\/wp-content\/uploads\/2021\/05\/caprese3-1024x1024.jpg\" alt=\"\" class=\"wp-image-5016\" srcset=\"https:\/\/www.franzjosefkaiser.com\/wp-content\/uploads\/2021\/05\/caprese3-1024x1024.jpg 1024w, https:\/\/www.franzjosefkaiser.com\/wp-content\/uploads\/2021\/05\/caprese3-150x150.jpg 150w, https:\/\/www.franzjosefkaiser.com\/wp-content\/uploads\/2021\/05\/caprese3-300x300.jpg 300w, https:\/\/www.franzjosefkaiser.com\/wp-content\/uploads\/2021\/05\/caprese3-768x768.jpg 768w, https:\/\/www.franzjosefkaiser.com\/wp-content\/uploads\/2021\/05\/caprese3-600x600.jpg 600w, https:\/\/www.franzjosefkaiser.com\/wp-content\/uploads\/2021\/05\/caprese3-1200x1200.jpg 1200w\" sizes=\"auto, (max-width: 1024px) 100vw, 1024px\" \/><figcaption><a href=\"https:\/\/www.franzjosefkaiser.com\/recepty\/zapecene-caprese-se-zelenym-pestem\/\"> Zape\u010den\u00e9 caprese se zelen\u00fdm pestem <\/a><\/figcaption><\/figure><\/div>\n\n\n\n<div style=\"height:30px\" aria-hidden=\"true\" class=\"wp-block-spacer\"><\/div>\n\n\n\n<p>A aby v\u00e1m zelen\u00e9 pesto nezev\u0161edn\u011blo, m\u016f\u017eete ho st\u0159\u00eddat s&nbsp;pestem\n\u010derven\u00fdm. Jeho z\u00e1kladem jsou su\u0161en\u00e1 raj\u010data nebo grilovan\u00e9 \u010derven\u00e9 papriky\ndopln\u011bn\u00e9 o dal\u0161\u00ed chutn\u00e9 a aromatick\u00e9 ingredience. \u010cerven\u00e9 pesto m\u016f\u017eete pou\u017e\u00edt\nkrom\u011b t\u011bstovinov\u00e9 klasiky i v&nbsp;netradi\u010dn\u00edch receptech, kter\u00fdmi svou rodinu\nur\u010dit\u011b p\u0159\u00edjemn\u011b p\u0159ekvap\u00edte.<\/p>\n\n\n\n<div style=\"height:30px\" aria-hidden=\"true\" class=\"wp-block-spacer\"><\/div>\n\n\n\n<div class=\"wp-block-image\"><figure class=\"aligncenter\"><img loading=\"lazy\" decoding=\"async\" width=\"1024\" height=\"1024\" src=\"https:\/\/www.franzjosefkaiser.com\/wp-content\/uploads\/2020\/01\/minipizzy5-1024x1024.jpg\" alt=\"\" class=\"wp-image-2252\" srcset=\"https:\/\/www.franzjosefkaiser.com\/wp-content\/uploads\/2020\/01\/minipizzy5-1024x1024.jpg 1024w, https:\/\/www.franzjosefkaiser.com\/wp-content\/uploads\/2020\/01\/minipizzy5-150x150.jpg 150w, https:\/\/www.franzjosefkaiser.com\/wp-content\/uploads\/2020\/01\/minipizzy5-300x300.jpg 300w, https:\/\/www.franzjosefkaiser.com\/wp-content\/uploads\/2020\/01\/minipizzy5-768x768.jpg 768w, https:\/\/www.franzjosefkaiser.com\/wp-content\/uploads\/2020\/01\/minipizzy5-600x600.jpg 600w, https:\/\/www.franzjosefkaiser.com\/wp-content\/uploads\/2020\/01\/minipizzy5-1200x1200.jpg 1200w\" sizes=\"auto, (max-width: 1024px) 100vw, 1024px\" \/><figcaption> <a href=\"https:\/\/www.franzjosefkaiser.com\/recepty\/mini-pizzy-s-pestem-a-olivami-plnenymi-sunkou\/\">Mini pizzy s pestem a olivami pln\u011bn\u00fdmi \u0161unkou<\/a> <\/figcaption><\/figure><\/div>\n\n\n\n<div style=\"height:30px\" aria-hidden=\"true\" class=\"wp-block-spacer\"><\/div>\n\n\n\n<div class=\"wp-block-image\"><figure class=\"aligncenter\"><img loading=\"lazy\" decoding=\"async\" width=\"1024\" height=\"1024\" src=\"https:\/\/www.franzjosefkaiser.com\/wp-content\/uploads\/2019\/12\/kure4-1024x1024.jpg\" alt=\"\" class=\"wp-image-2008\" srcset=\"https:\/\/www.franzjosefkaiser.com\/wp-content\/uploads\/2019\/12\/kure4-1024x1024.jpg 1024w, https:\/\/www.franzjosefkaiser.com\/wp-content\/uploads\/2019\/12\/kure4-150x150.jpg 150w, https:\/\/www.franzjosefkaiser.com\/wp-content\/uploads\/2019\/12\/kure4-300x300.jpg 300w, https:\/\/www.franzjosefkaiser.com\/wp-content\/uploads\/2019\/12\/kure4-768x768.jpg 768w, https:\/\/www.franzjosefkaiser.com\/wp-content\/uploads\/2019\/12\/kure4-600x600.jpg 600w, https:\/\/www.franzjosefkaiser.com\/wp-content\/uploads\/2019\/12\/kure4-1200x1200.jpg 1200w\" sizes=\"auto, (max-width: 1024px) 100vw, 1024px\" \/><figcaption> <a href=\"https:\/\/www.franzjosefkaiser.com\/recepty\/pecene-kure-s-rajcatovym-pestem\/\">Pe\u010den\u00e9 ku\u0159e s raj\u010datov\u00fdm pestem<\/a> <\/figcaption><\/figure><\/div>\n","protected":false},"excerpt":{"rendered":"<p>V\u0161imli jste si, jak b\u011bhem \u0161koln\u00edho roku \u010das rychle b\u011b\u017e\u00ed? Odv\u00e9zt do \u0161koly, pak honem do pr\u00e1ce, vyzvednout v dru\u017ein\u011b, zav\u00e9zt na krou\u017eky, zajistit n\u00e1kupy, napsat \u00fakoly\u2026 a do toho v\u0161eho ide\u00e1ln\u011b vt\u011bsnat p\u0159\u00edpravu zdrav\u00e9ho dom\u00e1c\u00edho j\u00eddla pro celou rodinu. To aby se \u010dlov\u011bk rozkr\u00e1jel. Ur\u010dit\u011b v\u00e1m proto p\u0159ijde vhod p\u00e1r tip\u016f, jak rychle, chutn\u011b [&hellip;]<\/p>\n","protected":false},"author":4,"featured_media":0,"comment_status":"open","ping_status":"open","sticky":false,"template":"","format":"standard","meta":{"footnotes":""},"categories":[1],"tags":[],"class_list":["post-6037","post","type-post","status-publish","format-standard","hentry","category-tipy"],"acf":[],"yoast_head":"<!-- This site is optimized with the Yoast SEO plugin v27.0 - https:\/\/yoast.com\/product\/yoast-seo-wordpress\/ -->\n<title>Zp\u00e1tky do \u0161koly s chut\u00ed Franz Josef Kaiser - FRANZ JOSEF KAISER<\/title>\n<meta name=\"robots\" content=\"index, follow, max-snippet:-1, max-image-preview:large, max-video-preview:-1\" \/>\n<link rel=\"canonical\" href=\"https:\/\/www.franzjosefkaiser.com\/cs\/zpatky-do-skoly-s-chuti-franz-josef-kaiser\/\" \/>\n<meta property=\"og:locale\" content=\"cs_CZ\" \/>\n<meta property=\"og:type\" content=\"article\" \/>\n<meta property=\"og:title\" content=\"Zp\u00e1tky do \u0161koly s chut\u00ed Franz Josef Kaiser - FRANZ JOSEF KAISER\" \/>\n<meta property=\"og:description\" content=\"V\u0161imli jste si, jak b\u011bhem \u0161koln\u00edho roku \u010das rychle b\u011b\u017e\u00ed? Odv\u00e9zt do \u0161koly, pak honem do pr\u00e1ce, vyzvednout v dru\u017ein\u011b, zav\u00e9zt na krou\u017eky, zajistit n\u00e1kupy, napsat \u00fakoly\u2026 a do toho v\u0161eho ide\u00e1ln\u011b vt\u011bsnat p\u0159\u00edpravu zdrav\u00e9ho dom\u00e1c\u00edho j\u00eddla pro celou rodinu. To aby se \u010dlov\u011bk rozkr\u00e1jel. Ur\u010dit\u011b v\u00e1m proto p\u0159ijde vhod p\u00e1r tip\u016f, jak rychle, chutn\u011b [&hellip;]\" \/>\n<meta property=\"og:url\" content=\"https:\/\/www.franzjosefkaiser.com\/cs\/zpatky-do-skoly-s-chuti-franz-josef-kaiser\/\" \/>\n<meta property=\"og:site_name\" content=\"FRANZ JOSEF KAISER\" \/>\n<meta property=\"article:published_time\" content=\"2021-09-08T18:56:25+00:00\" \/>\n<meta property=\"article:modified_time\" content=\"2021-09-08T18:57:07+00:00\" \/>\n<meta property=\"og:image\" content=\"https:\/\/www.franzjosefkaiser.com\/wp-content\/uploads\/2020\/01\/minipizzy7-1200x800.jpg\" \/>\n<meta name=\"author\" content=\"FRANZ JOSEF KAISER\" \/>\n<meta name=\"twitter:card\" content=\"summary_large_image\" \/>\n<meta name=\"twitter:image\" content=\"https:\/\/www.franzjosefkaiser.com\/wp-content\/uploads\/2020\/01\/minipizzy7-1200x800.jpg\" \/>\n<meta name=\"twitter:label1\" content=\"Napsal(a)\" \/>\n\t<meta name=\"twitter:data1\" content=\"FRANZ JOSEF KAISER\" \/>\n\t<meta name=\"twitter:label2\" content=\"Odhadovan\u00e1 doba \u010dten\u00ed\" \/>\n\t<meta name=\"twitter:data2\" content=\"3 minuty\" \/>\n<script type=\"application\/ld+json\" class=\"yoast-schema-graph\">{\"@context\":\"https:\/\/schema.org\",\"@graph\":[{\"@type\":\"Article\",\"@id\":\"https:\/\/www.franzjosefkaiser.com\/cs\/zpatky-do-skoly-s-chuti-franz-josef-kaiser\/#article\",\"isPartOf\":{\"@id\":\"https:\/\/www.franzjosefkaiser.com\/cs\/zpatky-do-skoly-s-chuti-franz-josef-kaiser\/\"},\"author\":{\"name\":\"FRANZ JOSEF KAISER\",\"@id\":\"https:\/\/www.franzjosefkaiser.com\/cs\/#\/schema\/person\/93d860210b56e4becf13b918428c54cb\"},\"headline\":\"Zp\u00e1tky do \u0161koly s chut\u00ed Franz Josef Kaiser\",\"datePublished\":\"2021-09-08T18:56:25+00:00\",\"dateModified\":\"2021-09-08T18:57:07+00:00\",\"mainEntityOfPage\":{\"@id\":\"https:\/\/www.franzjosefkaiser.com\/cs\/zpatky-do-skoly-s-chuti-franz-josef-kaiser\/\"},\"wordCount\":612,\"commentCount\":0,\"publisher\":{\"@id\":\"https:\/\/www.franzjosefkaiser.com\/cs\/#organization\"},\"image\":{\"@id\":\"https:\/\/www.franzjosefkaiser.com\/cs\/zpatky-do-skoly-s-chuti-franz-josef-kaiser\/#primaryimage\"},\"thumbnailUrl\":\"https:\/\/www.franzjosefkaiser.com\/wp-content\/uploads\/2020\/09\/penne12-1024x1024.jpg\",\"articleSection\":[\"Tipy\"],\"inLanguage\":\"cs\",\"potentialAction\":[{\"@type\":\"CommentAction\",\"name\":\"Comment\",\"target\":[\"https:\/\/www.franzjosefkaiser.com\/cs\/zpatky-do-skoly-s-chuti-franz-josef-kaiser\/#respond\"]}]},{\"@type\":\"WebPage\",\"@id\":\"https:\/\/www.franzjosefkaiser.com\/cs\/zpatky-do-skoly-s-chuti-franz-josef-kaiser\/\",\"url\":\"https:\/\/www.franzjosefkaiser.com\/cs\/zpatky-do-skoly-s-chuti-franz-josef-kaiser\/\",\"name\":\"Zp\u00e1tky do \u0161koly s chut\u00ed Franz Josef Kaiser - FRANZ JOSEF KAISER\",\"isPartOf\":{\"@id\":\"https:\/\/www.franzjosefkaiser.com\/cs\/#website\"},\"primaryImageOfPage\":{\"@id\":\"https:\/\/www.franzjosefkaiser.com\/cs\/zpatky-do-skoly-s-chuti-franz-josef-kaiser\/#primaryimage\"},\"image\":{\"@id\":\"https:\/\/www.franzjosefkaiser.com\/cs\/zpatky-do-skoly-s-chuti-franz-josef-kaiser\/#primaryimage\"},\"thumbnailUrl\":\"https:\/\/www.franzjosefkaiser.com\/wp-content\/uploads\/2020\/09\/penne12-1024x1024.jpg\",\"datePublished\":\"2021-09-08T18:56:25+00:00\",\"dateModified\":\"2021-09-08T18:57:07+00:00\",\"breadcrumb\":{\"@id\":\"https:\/\/www.franzjosefkaiser.com\/cs\/zpatky-do-skoly-s-chuti-franz-josef-kaiser\/#breadcrumb\"},\"inLanguage\":\"cs\",\"potentialAction\":[{\"@type\":\"ReadAction\",\"target\":[\"https:\/\/www.franzjosefkaiser.com\/cs\/zpatky-do-skoly-s-chuti-franz-josef-kaiser\/\"]}]},{\"@type\":\"ImageObject\",\"inLanguage\":\"cs\",\"@id\":\"https:\/\/www.franzjosefkaiser.com\/cs\/zpatky-do-skoly-s-chuti-franz-josef-kaiser\/#primaryimage\",\"url\":\"https:\/\/www.franzjosefkaiser.com\/wp-content\/uploads\/2020\/09\/penne12-1024x1024.jpg\",\"contentUrl\":\"https:\/\/www.franzjosefkaiser.com\/wp-content\/uploads\/2020\/09\/penne12-1024x1024.jpg\"},{\"@type\":\"BreadcrumbList\",\"@id\":\"https:\/\/www.franzjosefkaiser.com\/cs\/zpatky-do-skoly-s-chuti-franz-josef-kaiser\/#breadcrumb\",\"itemListElement\":[{\"@type\":\"ListItem\",\"position\":1,\"name\":\"Dom\u016f\",\"item\":\"https:\/\/www.franzjosefkaiser.com\/cs\/\"},{\"@type\":\"ListItem\",\"position\":2,\"name\":\"Zp\u00e1tky do \u0161koly s chut\u00ed Franz Josef Kaiser\"}]},{\"@type\":\"WebSite\",\"@id\":\"https:\/\/www.franzjosefkaiser.com\/cs\/#website\",\"url\":\"https:\/\/www.franzjosefkaiser.com\/cs\/\",\"name\":\"FRANZ JOSEF KAISER\",\"description\":\"\",\"publisher\":{\"@id\":\"https:\/\/www.franzjosefkaiser.com\/cs\/#organization\"},\"potentialAction\":[{\"@type\":\"SearchAction\",\"target\":{\"@type\":\"EntryPoint\",\"urlTemplate\":\"https:\/\/www.franzjosefkaiser.com\/cs\/?s={search_term_string}\"},\"query-input\":{\"@type\":\"PropertyValueSpecification\",\"valueRequired\":true,\"valueName\":\"search_term_string\"}}],\"inLanguage\":\"cs\"},{\"@type\":\"Organization\",\"@id\":\"https:\/\/www.franzjosefkaiser.com\/cs\/#organization\",\"name\":\"GASTON, s.r.o.\",\"url\":\"https:\/\/www.franzjosefkaiser.com\/cs\/\",\"logo\":{\"@type\":\"ImageObject\",\"inLanguage\":\"cs\",\"@id\":\"https:\/\/www.franzjosefkaiser.com\/cs\/#\/schema\/logo\/image\/\",\"url\":\"https:\/\/www.franzjosefkaiser.com\/wp-content\/uploads\/2019\/10\/fj_logo.png\",\"contentUrl\":\"https:\/\/www.franzjosefkaiser.com\/wp-content\/uploads\/2019\/10\/fj_logo.png\",\"width\":770,\"height\":741,\"caption\":\"GASTON, s.r.o.\"},\"image\":{\"@id\":\"https:\/\/www.franzjosefkaiser.com\/cs\/#\/schema\/logo\/image\/\"}},{\"@type\":\"Person\",\"@id\":\"https:\/\/www.franzjosefkaiser.com\/cs\/#\/schema\/person\/93d860210b56e4becf13b918428c54cb\",\"name\":\"FRANZ JOSEF KAISER\",\"image\":{\"@type\":\"ImageObject\",\"inLanguage\":\"cs\",\"@id\":\"https:\/\/www.franzjosefkaiser.com\/cs\/#\/schema\/person\/image\/\",\"url\":\"https:\/\/secure.gravatar.com\/avatar\/c4d9406ef83c90e4349f88e9644c24948c0bbec428d3de93aa14bfa69b1e1be5?s=96&d=mm&r=g\",\"contentUrl\":\"https:\/\/secure.gravatar.com\/avatar\/c4d9406ef83c90e4349f88e9644c24948c0bbec428d3de93aa14bfa69b1e1be5?s=96&d=mm&r=g\",\"caption\":\"FRANZ JOSEF KAISER\"}}]}<\/script>\n<!-- \/ Yoast SEO plugin. -->","yoast_head_json":{"title":"Zp\u00e1tky do \u0161koly s chut\u00ed Franz Josef Kaiser - FRANZ JOSEF KAISER","robots":{"index":"index","follow":"follow","max-snippet":"max-snippet:-1","max-image-preview":"max-image-preview:large","max-video-preview":"max-video-preview:-1"},"canonical":"https:\/\/www.franzjosefkaiser.com\/cs\/zpatky-do-skoly-s-chuti-franz-josef-kaiser\/","og_locale":"cs_CZ","og_type":"article","og_title":"Zp\u00e1tky do \u0161koly s chut\u00ed Franz Josef Kaiser - FRANZ JOSEF KAISER","og_description":"V\u0161imli jste si, jak b\u011bhem \u0161koln\u00edho roku \u010das rychle b\u011b\u017e\u00ed? Odv\u00e9zt do \u0161koly, pak honem do pr\u00e1ce, vyzvednout v dru\u017ein\u011b, zav\u00e9zt na krou\u017eky, zajistit n\u00e1kupy, napsat \u00fakoly\u2026 a do toho v\u0161eho ide\u00e1ln\u011b vt\u011bsnat p\u0159\u00edpravu zdrav\u00e9ho dom\u00e1c\u00edho j\u00eddla pro celou rodinu. To aby se \u010dlov\u011bk rozkr\u00e1jel. Ur\u010dit\u011b v\u00e1m proto p\u0159ijde vhod p\u00e1r tip\u016f, jak rychle, chutn\u011b [&hellip;]","og_url":"https:\/\/www.franzjosefkaiser.com\/cs\/zpatky-do-skoly-s-chuti-franz-josef-kaiser\/","og_site_name":"FRANZ JOSEF KAISER","article_published_time":"2021-09-08T18:56:25+00:00","article_modified_time":"2021-09-08T18:57:07+00:00","og_image":[{"url":"https:\/\/www.franzjosefkaiser.com\/wp-content\/uploads\/2020\/01\/minipizzy7-1200x800.jpg","type":"","width":"","height":""}],"author":"FRANZ JOSEF KAISER","twitter_card":"summary_large_image","twitter_image":"https:\/\/www.franzjosefkaiser.com\/wp-content\/uploads\/2020\/01\/minipizzy7-1200x800.jpg","twitter_misc":{"Napsal(a)":"FRANZ JOSEF KAISER","Odhadovan\u00e1 doba \u010dten\u00ed":"3 minuty"},"schema":{"@context":"https:\/\/schema.org","@graph":[{"@type":"Article","@id":"https:\/\/www.franzjosefkaiser.com\/cs\/zpatky-do-skoly-s-chuti-franz-josef-kaiser\/#article","isPartOf":{"@id":"https:\/\/www.franzjosefkaiser.com\/cs\/zpatky-do-skoly-s-chuti-franz-josef-kaiser\/"},"author":{"name":"FRANZ JOSEF KAISER","@id":"https:\/\/www.franzjosefkaiser.com\/cs\/#\/schema\/person\/93d860210b56e4becf13b918428c54cb"},"headline":"Zp\u00e1tky do \u0161koly s chut\u00ed Franz Josef Kaiser","datePublished":"2021-09-08T18:56:25+00:00","dateModified":"2021-09-08T18:57:07+00:00","mainEntityOfPage":{"@id":"https:\/\/www.franzjosefkaiser.com\/cs\/zpatky-do-skoly-s-chuti-franz-josef-kaiser\/"},"wordCount":612,"commentCount":0,"publisher":{"@id":"https:\/\/www.franzjosefkaiser.com\/cs\/#organization"},"image":{"@id":"https:\/\/www.franzjosefkaiser.com\/cs\/zpatky-do-skoly-s-chuti-franz-josef-kaiser\/#primaryimage"},"thumbnailUrl":"https:\/\/www.franzjosefkaiser.com\/wp-content\/uploads\/2020\/09\/penne12-1024x1024.jpg","articleSection":["Tipy"],"inLanguage":"cs","potentialAction":[{"@type":"CommentAction","name":"Comment","target":["https:\/\/www.franzjosefkaiser.com\/cs\/zpatky-do-skoly-s-chuti-franz-josef-kaiser\/#respond"]}]},{"@type":"WebPage","@id":"https:\/\/www.franzjosefkaiser.com\/cs\/zpatky-do-skoly-s-chuti-franz-josef-kaiser\/","url":"https:\/\/www.franzjosefkaiser.com\/cs\/zpatky-do-skoly-s-chuti-franz-josef-kaiser\/","name":"Zp\u00e1tky do \u0161koly s chut\u00ed Franz Josef Kaiser - FRANZ JOSEF KAISER","isPartOf":{"@id":"https:\/\/www.franzjosefkaiser.com\/cs\/#website"},"primaryImageOfPage":{"@id":"https:\/\/www.franzjosefkaiser.com\/cs\/zpatky-do-skoly-s-chuti-franz-josef-kaiser\/#primaryimage"},"image":{"@id":"https:\/\/www.franzjosefkaiser.com\/cs\/zpatky-do-skoly-s-chuti-franz-josef-kaiser\/#primaryimage"},"thumbnailUrl":"https:\/\/www.franzjosefkaiser.com\/wp-content\/uploads\/2020\/09\/penne12-1024x1024.jpg","datePublished":"2021-09-08T18:56:25+00:00","dateModified":"2021-09-08T18:57:07+00:00","breadcrumb":{"@id":"https:\/\/www.franzjosefkaiser.com\/cs\/zpatky-do-skoly-s-chuti-franz-josef-kaiser\/#breadcrumb"},"inLanguage":"cs","potentialAction":[{"@type":"ReadAction","target":["https:\/\/www.franzjosefkaiser.com\/cs\/zpatky-do-skoly-s-chuti-franz-josef-kaiser\/"]}]},{"@type":"ImageObject","inLanguage":"cs","@id":"https:\/\/www.franzjosefkaiser.com\/cs\/zpatky-do-skoly-s-chuti-franz-josef-kaiser\/#primaryimage","url":"https:\/\/www.franzjosefkaiser.com\/wp-content\/uploads\/2020\/09\/penne12-1024x1024.jpg","contentUrl":"https:\/\/www.franzjosefkaiser.com\/wp-content\/uploads\/2020\/09\/penne12-1024x1024.jpg"},{"@type":"BreadcrumbList","@id":"https:\/\/www.franzjosefkaiser.com\/cs\/zpatky-do-skoly-s-chuti-franz-josef-kaiser\/#breadcrumb","itemListElement":[{"@type":"ListItem","position":1,"name":"Dom\u016f","item":"https:\/\/www.franzjosefkaiser.com\/cs\/"},{"@type":"ListItem","position":2,"name":"Zp\u00e1tky do \u0161koly s chut\u00ed Franz Josef Kaiser"}]},{"@type":"WebSite","@id":"https:\/\/www.franzjosefkaiser.com\/cs\/#website","url":"https:\/\/www.franzjosefkaiser.com\/cs\/","name":"FRANZ JOSEF KAISER","description":"","publisher":{"@id":"https:\/\/www.franzjosefkaiser.com\/cs\/#organization"},"potentialAction":[{"@type":"SearchAction","target":{"@type":"EntryPoint","urlTemplate":"https:\/\/www.franzjosefkaiser.com\/cs\/?s={search_term_string}"},"query-input":{"@type":"PropertyValueSpecification","valueRequired":true,"valueName":"search_term_string"}}],"inLanguage":"cs"},{"@type":"Organization","@id":"https:\/\/www.franzjosefkaiser.com\/cs\/#organization","name":"GASTON, s.r.o.","url":"https:\/\/www.franzjosefkaiser.com\/cs\/","logo":{"@type":"ImageObject","inLanguage":"cs","@id":"https:\/\/www.franzjosefkaiser.com\/cs\/#\/schema\/logo\/image\/","url":"https:\/\/www.franzjosefkaiser.com\/wp-content\/uploads\/2019\/10\/fj_logo.png","contentUrl":"https:\/\/www.franzjosefkaiser.com\/wp-content\/uploads\/2019\/10\/fj_logo.png","width":770,"height":741,"caption":"GASTON, s.r.o."},"image":{"@id":"https:\/\/www.franzjosefkaiser.com\/cs\/#\/schema\/logo\/image\/"}},{"@type":"Person","@id":"https:\/\/www.franzjosefkaiser.com\/cs\/#\/schema\/person\/93d860210b56e4becf13b918428c54cb","name":"FRANZ JOSEF KAISER","image":{"@type":"ImageObject","inLanguage":"cs","@id":"https:\/\/www.franzjosefkaiser.com\/cs\/#\/schema\/person\/image\/","url":"https:\/\/secure.gravatar.com\/avatar\/c4d9406ef83c90e4349f88e9644c24948c0bbec428d3de93aa14bfa69b1e1be5?s=96&d=mm&r=g","contentUrl":"https:\/\/secure.gravatar.com\/avatar\/c4d9406ef83c90e4349f88e9644c24948c0bbec428d3de93aa14bfa69b1e1be5?s=96&d=mm&r=g","caption":"FRANZ JOSEF KAISER"}}]}},"_links":{"self":[{"href":"https:\/\/www.franzjosefkaiser.com\/cs\/wp-json\/wp\/v2\/posts\/6037","targetHints":{"allow":["GET"]}}],"collection":[{"href":"https:\/\/www.franzjosefkaiser.com\/cs\/wp-json\/wp\/v2\/posts"}],"about":[{"href":"https:\/\/www.franzjosefkaiser.com\/cs\/wp-json\/wp\/v2\/types\/post"}],"author":[{"embeddable":true,"href":"https:\/\/www.franzjosefkaiser.com\/cs\/wp-json\/wp\/v2\/users\/4"}],"replies":[{"embeddable":true,"href":"https:\/\/www.franzjosefkaiser.com\/cs\/wp-json\/wp\/v2\/comments?post=6037"}],"version-history":[{"count":7,"href":"https:\/\/www.franzjosefkaiser.com\/cs\/wp-json\/wp\/v2\/posts\/6037\/revisions"}],"predecessor-version":[{"id":6052,"href":"https:\/\/www.franzjosefkaiser.com\/cs\/wp-json\/wp\/v2\/posts\/6037\/revisions\/6052"}],"wp:attachment":[{"href":"https:\/\/www.franzjosefkaiser.com\/cs\/wp-json\/wp\/v2\/media?parent=6037"}],"wp:term":[{"taxonomy":"category","embeddable":true,"href":"https:\/\/www.franzjosefkaiser.com\/cs\/wp-json\/wp\/v2\/categories?post=6037"},{"taxonomy":"post_tag","embeddable":true,"href":"https:\/\/www.franzjosefkaiser.com\/cs\/wp-json\/wp\/v2\/tags?post=6037"}],"curies":[{"name":"wp","href":"https:\/\/api.w.org\/{rel}","templated":true}]}}