{"id":7511,"date":"2021-10-30T13:17:09","date_gmt":"2021-10-30T11:17:09","guid":{"rendered":"https:\/\/www.franzjosefkaiser.com\/?p=7511"},"modified":"2021-10-30T13:24:32","modified_gmt":"2021-10-30T11:24:32","slug":"rajcata-plna-vitaminu-po-cely-rok","status":"publish","type":"post","link":"https:\/\/www.franzjosefkaiser.com\/cs\/rajcata-plna-vitaminu-po-cely-rok\/","title":{"rendered":"Raj\u010data pln\u00e1 vitam\u00edn\u016f po cel\u00fd rok!"},"content":{"rendered":"\n<p>Rajsk\u00e9 jablko m\u00e1 bohatou historii, ale tak\u00e9 velkorys\u00fd obsah zdrav\u00ed prosp\u011b\u0161n\u00fdch l\u00e1tek. Lahodnou chu\u0165 raj\u010dat si na\u0161t\u011bst\u00ed m\u016f\u017eeme dop\u0159\u00e1vat po cel\u00fd rok. Jak to? \u010ct\u011bte d\u00e1l&#8230; Nejen, \u017ee v\u00e1m prozrad\u00edme, kde raj\u010data z\u00edskat, tak\u00e9 v\u00e1m nab\u00eddneme tipy, jak s&nbsp;nimi v&nbsp;kuchyni origin\u00e1ln\u011b nalo\u017eit!<\/p>\n\n\n\n<div style=\"height:30px\" aria-hidden=\"true\" class=\"wp-block-spacer\"><\/div>\n\n\n\n<h2 class=\"wp-block-heading\">Zr\u00e1dn\u00e9 jablko l\u00e1sky<\/h2>\n\n\n\n<p>Raj\u010de m\u00e1 za sebou velmi bohatou historii. Do Evropy jej p\u0159ivezli mo\u0159eplavci po objeven\u00ed Ameriky, nejprve ale slou\u017eilo raj\u010de jedl\u00e9 pouze jako okrasn\u00e1 rostlina a na tal\u00ed\u0159e se dostalo a\u017e po mnoha letech. Francie, kter\u00e1 je typick\u00e1 svou romantickou atmosf\u00e9rou, mu dala n\u00e1zev jablko l\u00e1sky. V&nbsp;italsk\u00e9m herb\u00e1\u0159i si vyslou\u017eilo n\u00e1zvy hned dva. Pro jeho \u00fa\u010dinky na zdrav\u00ed ho pojmenovali jablkem zlat\u00fdm, ale i jedovat\u00fdm. Kyseliny v&nbsp;raj\u010deti obsa\u017een\u00e9 toti\u017e reagovaly s&nbsp;c\u00ednov\u00fdm n\u00e1dob\u00edm bohat\u00fdch str\u00e1vn\u00edk\u016f a zp\u016fsobovaly jim otravy. Za jejich&nbsp;vin\u00edka bylo nespravedliv\u011b odsouzeno pr\u00e1v\u011b raj\u010de.<\/p>\n\n\n\n<div style=\"height:30px\" aria-hidden=\"true\" class=\"wp-block-spacer\"><\/div>\n\n\n\n<div class=\"wp-block-image\"><figure class=\"aligncenter\"><img loading=\"lazy\" decoding=\"async\" width=\"1200\" height=\"675\" src=\"https:\/\/www.franzjosefkaiser.com\/wp-content\/uploads\/2021\/10\/guillaume-lobet-wSAFFv6efLQ-unsplash-1200x675.jpg\" alt=\"\" class=\"wp-image-7518\" srcset=\"https:\/\/www.franzjosefkaiser.com\/wp-content\/uploads\/2021\/10\/guillaume-lobet-wSAFFv6efLQ-unsplash-1200x675.jpg 1200w, https:\/\/www.franzjosefkaiser.com\/wp-content\/uploads\/2021\/10\/guillaume-lobet-wSAFFv6efLQ-unsplash-300x169.jpg 300w, https:\/\/www.franzjosefkaiser.com\/wp-content\/uploads\/2021\/10\/guillaume-lobet-wSAFFv6efLQ-unsplash-768x432.jpg 768w, https:\/\/www.franzjosefkaiser.com\/wp-content\/uploads\/2021\/10\/guillaume-lobet-wSAFFv6efLQ-unsplash-1024x576.jpg 1024w, https:\/\/www.franzjosefkaiser.com\/wp-content\/uploads\/2021\/10\/guillaume-lobet-wSAFFv6efLQ-unsplash-600x337.jpg 600w\" sizes=\"auto, (max-width: 1200px) 100vw, 1200px\" \/><\/figure><\/div>\n\n\n\n<div style=\"height:30px\" aria-hidden=\"true\" class=\"wp-block-spacer\"><\/div>\n\n\n\n<h2 class=\"wp-block-heading\">Ovoce, nebo zelenina?<\/h2>\n\n\n\n<p>K&nbsp;velk\u00e9 historii se \u0159ad\u00ed i dlouholet\u00fd spor. Nejen v\u011bdci, ale i kucha\u0159i si pokl\u00e1daj\u00ed ot\u00e1zku, zda je raj\u010de ovoce, \u010di zelenina. Dokonce se o tom vedly soudn\u00ed p\u0159e, a to hned dvakr\u00e1t v&nbsp;USA, kde jej rozsudek v&nbsp;roce 1893 i 2015 za\u0159adil mezi ovoce. Evropsk\u00fd parlament v&nbsp;roce 2011 do\u0161el mimochodem ke stejn\u00e9mu z\u00e1v\u011bru. Podle botanik\u016f je toti\u017e raj\u010de plodem vytrval\u00e9ho ke\u0159e, co\u017e m\u016f\u017ee b\u00fdt jedin\u011b ovoce. Pro v\u011bt\u0161inu p\u011bstitel\u016f a kucha\u0159\u016f ale raj\u010de je a bude vzhledem ke zp\u016fsobu vyu\u017eit\u00ed prost\u011b zeleninou.&nbsp;<\/p>\n\n\n\n<div style=\"height:30px\" aria-hidden=\"true\" class=\"wp-block-spacer\"><\/div>\n\n\n\n<h2 class=\"wp-block-heading\">Rajsk\u00e9 jablko pln\u00e9 zdrav\u00ed<\/h2>\n\n\n\n<p>Ur\u010dit\u011b nen\u00ed od v\u011bci zm\u00ednit, \u017ee sem\u00ednka z&nbsp;raj\u010dat jsou pr\u00fd velmi \u00fa\u010dinn\u00fdm afrodiziakem. Vysok\u00fd obsah vitam\u00edn\u016f A, E a C zase podpo\u0159\u00ed zdrav\u00ed na\u0161eho srdce i sn\u00ed\u017een\u00ed cholesterolu v krvi. Raj\u010data nav\u00edc dok\u00e1\u017eou chr\u00e1nit n\u00e1\u0161 zrak, zpomaluj\u00ed st\u00e1rnut\u00ed pleti a posiluj\u00ed vlasy. Do sv\u00e9ho j\u00eddeln\u00ed\u010dku bychom je proto ur\u010dit\u011b m\u011bli za\u0159azovat co nej\u010dast\u011bji. Jak to ale ud\u011blat v&nbsp;zim\u011b a na ja\u0159e?&nbsp;<\/p>\n\n\n\n<div style=\"height:30px\" aria-hidden=\"true\" class=\"wp-block-spacer\"><\/div>\n\n\n\n<div class=\"wp-block-columns has-2-columns is-layout-flex wp-container-core-columns-is-layout-9d6595d7 wp-block-columns-is-layout-flex\">\n<div class=\"wp-block-column is-layout-flow wp-block-column-is-layout-flow\">\n<div class=\"wp-block-image\"><figure class=\"aligncenter is-resized\"><img loading=\"lazy\" decoding=\"async\" src=\"https:\/\/www.franzjosefkaiser.com\/wp-content\/uploads\/2019\/10\/Su\u00c1en\u2020-raj\u00fcata-210ml-FJK-467x600.png\" alt=\"\" class=\"wp-image-522\" width=\"220\" height=\"282\" srcset=\"https:\/\/www.franzjosefkaiser.com\/wp-content\/uploads\/2019\/10\/Su\u00c1en\u2020-raj\u00fcata-210ml-FJK-467x600.png 467w, https:\/\/www.franzjosefkaiser.com\/wp-content\/uploads\/2019\/10\/Su\u00c1en\u2020-raj\u00fcata-210ml-FJK-233x300.png 233w, https:\/\/www.franzjosefkaiser.com\/wp-content\/uploads\/2019\/10\/Su\u00c1en\u2020-raj\u00fcata-210ml-FJK-768x987.png 768w, https:\/\/www.franzjosefkaiser.com\/wp-content\/uploads\/2019\/10\/Su\u00c1en\u2020-raj\u00fcata-210ml-FJK-797x1024.png 797w, https:\/\/www.franzjosefkaiser.com\/wp-content\/uploads\/2019\/10\/Su\u00c1en\u2020-raj\u00fcata-210ml-FJK.png 827w\" sizes=\"auto, (max-width: 220px) 100vw, 220px\" \/><figcaption><a href=\"https:\/\/www.franzjosefkaiser.com\/produkty\/susena-rajcata-pulena-210ml\/\">Su\u0161en\u00e1 raj\u010data p\u016flen\u00e1 210ml<\/a><\/figcaption><\/figure><\/div>\n<\/div>\n\n\n\n<div class=\"wp-block-column is-layout-flow wp-block-column-is-layout-flow\">\n<div class=\"wp-block-image\"><figure class=\"aligncenter is-resized\"><img loading=\"lazy\" decoding=\"async\" src=\"https:\/\/www.franzjosefkaiser.com\/wp-content\/uploads\/2021\/06\/Rajcata_susena_krajena-FJK_190.png\" alt=\"\" class=\"wp-image-5391\" width=\"251\" height=\"299\"\/><figcaption><a href=\"https:\/\/www.franzjosefkaiser.com\/produkty\/susena-rajcata-krajena-210ml\/\">Su\u0161en\u00e1 raj\u010data kr\u00e1jen\u00e1 210ml<\/a><\/figcaption><\/figure><\/div>\n<\/div>\n<\/div>\n\n\n\n<div class=\"wp-block-image\"><figure class=\"aligncenter is-resized\"><img loading=\"lazy\" decoding=\"async\" src=\"https:\/\/www.franzjosefkaiser.com\/wp-content\/uploads\/2021\/06\/Rajcata_susena_FJK_650-402x600.png\" alt=\"\" class=\"wp-image-5386\" width=\"216\" height=\"322\" srcset=\"https:\/\/www.franzjosefkaiser.com\/wp-content\/uploads\/2021\/06\/Rajcata_susena_FJK_650-402x600.png 402w, https:\/\/www.franzjosefkaiser.com\/wp-content\/uploads\/2021\/06\/Rajcata_susena_FJK_650-201x300.png 201w, https:\/\/www.franzjosefkaiser.com\/wp-content\/uploads\/2021\/06\/Rajcata_susena_FJK_650.png 539w\" sizes=\"auto, (max-width: 216px) 100vw, 216px\" \/><figcaption><a href=\"https:\/\/www.franzjosefkaiser.com\/produkty\/susena-rajcata-720ml\/\">Su\u0161en\u00e1 raj\u010data 720ml<\/a><\/figcaption><\/figure><\/div>\n\n\n\n<div style=\"height:30px\" aria-hidden=\"true\" class=\"wp-block-spacer\"><\/div>\n\n\n\n<h2 class=\"wp-block-heading\">Kde je v zim\u011b z\u00edskat?<\/h2>\n\n\n\n<p>Jednodu\u0161e! Vyzkou\u0161ejte su\u0161en\u00e1 raj\u010data. Jsou vynikaj\u00edc\u00ed, a hlavn\u011b si zachov\u00e1vaj\u00ed sv\u016fj obsah vitam\u00edn\u016f a dal\u0161\u00edch zdrav\u00ed prosp\u011b\u0161n\u00fdch l\u00e1tek. D\u00edky zna\u010dce Franz Josef Kaiser m\u016f\u017eete m\u00edt pr\u00e9miov\u00e1 su\u0161en\u00e1 raj\u010data po ruce kdykoli a pou\u017e\u00edt je v\u00a0n\u011bkter\u00e9m z\u00a0mnoha recept\u016f. N\u00e1\u0161 tip? <a href=\"https:\/\/www.franzjosefkaiser.com\/recepty\/muffiny-plnene-uzenym-tunakem-a-susenymi-rajcaty\/\">Muffiny se su\u0161en\u00fdmi raj\u010daty a uzen\u00fdm tu\u0148\u00e1kem<\/a>.<\/p>\n\n\n\n<div style=\"height:30px\" aria-hidden=\"true\" class=\"wp-block-spacer\"><\/div>\n\n\n\n<figure class=\"wp-block-image\"><img loading=\"lazy\" decoding=\"async\" width=\"1200\" height=\"824\" src=\"https:\/\/www.franzjosefkaiser.com\/wp-content\/uploads\/2019\/10\/muffin_1-1200x824.jpg\" alt=\"\" class=\"wp-image-1310\" srcset=\"https:\/\/www.franzjosefkaiser.com\/wp-content\/uploads\/2019\/10\/muffin_1-1200x824.jpg 1200w, https:\/\/www.franzjosefkaiser.com\/wp-content\/uploads\/2019\/10\/muffin_1-600x412.jpg 600w, https:\/\/www.franzjosefkaiser.com\/wp-content\/uploads\/2019\/10\/muffin_1-300x206.jpg 300w, https:\/\/www.franzjosefkaiser.com\/wp-content\/uploads\/2019\/10\/muffin_1-768x527.jpg 768w, https:\/\/www.franzjosefkaiser.com\/wp-content\/uploads\/2019\/10\/muffin_1-1024x703.jpg 1024w\" sizes=\"auto, (max-width: 1200px) 100vw, 1200px\" \/><\/figure>\n\n\n\n<div style=\"height:30px\" aria-hidden=\"true\" class=\"wp-block-spacer\"><\/div>\n\n\n\n<h2 class=\"wp-block-heading\">Trikolora na tal\u00ed\u0159i<\/h2>\n\n\n\n<p>Je libo sal\u00e1t nebo t\u011bstoviny? Na italsk\u00e9 delikatesy nemus\u00edte jezdit na jih. Posta\u010d\u00ed m\u00edt v z\u00e1sob\u011b su\u0161en\u00e1 raj\u010data Franz Josef Kaiser a p\u0159idat je do jak\u00e9hokoliv j\u00eddla, na kter\u00e9 dostanete chu\u0165.&nbsp;<\/p>\n\n\n\n<p>Je-li va\u0161\u00ed prioritou ob\u011bd leh\u010d\u00ed, vsa\u010fte na sal\u00e1t. Ledov\u00fd sal\u00e1t zak\u00e1pn\u011bte kapkou extra panensk\u00e9ho olivov\u00e9ho oleje, p\u0159idejte tu\u0148\u00e1kov\u00fd sal\u00e1t fusilli a posypte su\u0161en\u00fdmi raj\u010daty.&nbsp;<\/p>\n\n\n\n<p>Chyst\u00e1te se p\u0159ipravovat t\u011bstoviny? Pak se v\u00e1m i d\u00edky zna\u010dce Franz Josef Kaiser nab\u00edz\u00ed v\u00e1m velik\u00fd v\u00fdb\u011br. A\u0165 u\u017e va\u0161e volba padne na Spaghetti, Chifferi nebo Fusilli, su\u0161en\u00e1 raj\u010data a \u010derstv\u00e9 bylinky jim dodaj\u00ed dokonal\u00fd st\u0159edomo\u0159sk\u00fd \u0161mrnc.&nbsp;<\/p>\n\n\n\n<div style=\"height:30px\" aria-hidden=\"true\" class=\"wp-block-spacer\"><\/div>\n\n\n\n<figure class=\"wp-block-image\"><img loading=\"lazy\" decoding=\"async\" width=\"1200\" height=\"800\" src=\"https:\/\/www.franzjosefkaiser.com\/wp-content\/uploads\/2021\/09\/obde-IMG_8664-1200x800.jpg\" alt=\"\" class=\"wp-image-6063\" srcset=\"https:\/\/www.franzjosefkaiser.com\/wp-content\/uploads\/2021\/09\/obde-IMG_8664-1200x800.jpg 1200w, https:\/\/www.franzjosefkaiser.com\/wp-content\/uploads\/2021\/09\/obde-IMG_8664-300x200.jpg 300w, https:\/\/www.franzjosefkaiser.com\/wp-content\/uploads\/2021\/09\/obde-IMG_8664-768x512.jpg 768w, https:\/\/www.franzjosefkaiser.com\/wp-content\/uploads\/2021\/09\/obde-IMG_8664-1024x683.jpg 1024w, https:\/\/www.franzjosefkaiser.com\/wp-content\/uploads\/2021\/09\/obde-IMG_8664-600x400.jpg 600w\" sizes=\"auto, (max-width: 1200px) 100vw, 1200px\" \/><figcaption><a href=\"https:\/\/www.franzjosefkaiser.com\/recepty\/penne-s-rajcatovym-pestem-a-tunakem-v-olivovem-oleji\/\">Penne s raj\u010datov\u00fdm pestem a tu\u0148\u00e1kem v olivov\u00e9m oleji<\/a><\/figcaption><\/figure>\n\n\n\n<div style=\"height:30px\" aria-hidden=\"true\" class=\"wp-block-spacer\"><\/div>\n\n\n\n<h2 class=\"wp-block-heading\">Mazan\u00e1 raj\u010data<\/h2>\n\n\n\n<p>Ze su\u0161en\u00fdch raj\u010dat p\u0159iprav\u00edte snadno tak\u00e9 lahodnou pomaz\u00e1nku. V&nbsp;kombinaci s&nbsp;fazolemi a tvarohem v\u00fdborn\u011b zasyt\u00ed, dod\u00e1 t\u011blu d\u016fle\u017eit\u00e9 \u017eiviny, a nav\u00edc pot\u011b\u0161\u00ed va\u0161e chu\u0165ov\u00e9 poh\u00e1rky.<\/p>\n\n\n\n<p><em>P\u0159ipravte si:<\/em><\/p>\n\n\n\n<ul class=\"wp-block-list\"><li>150 g tvarohu<\/li><li>80 g \u010derven\u00fdch va\u0159en\u00fdch fazol\u00ed<\/li><li>40 g sladk\u00fdch su\u0161en\u00fdch raj\u010dat<\/li><li>40 g cibule<\/li><li>1 strou\u017eek \u010desneku<\/li><li>s\u016fl a pep\u0159 dle chuti<\/li><li>vinn\u00fd ocet dle chuti<\/li><li>l\u00edstky bazalky na ozdobu<\/li><\/ul>\n\n\n\n<p><em>Jak na to:<\/em><\/p>\n\n\n\n<p>Fazole, raj\u010data, cibuli a \u010desnek rozmixujte dohladka. Do p\u0159ipraven\u00e9 sm\u011bsi p\u0159im\u00edchejte tvaroh, dochu\u0165te sol\u00ed a pep\u0159em. Pod\u00e1vejte na pe\u010divu ozdoben\u00e9 bazalkov\u00fdmi l\u00edstky.<\/p>\n\n\n\n<div style=\"height:30px\" aria-hidden=\"true\" class=\"wp-block-spacer\"><\/div>\n\n\n\n<figure class=\"wp-block-image\"><img loading=\"lazy\" decoding=\"async\" width=\"1200\" height=\"794\" src=\"https:\/\/www.franzjosefkaiser.com\/wp-content\/uploads\/2021\/10\/zari_pomazanka_2-1-1200x794.jpg\" alt=\"\" class=\"wp-image-7530\" srcset=\"https:\/\/www.franzjosefkaiser.com\/wp-content\/uploads\/2021\/10\/zari_pomazanka_2-1-1200x794.jpg 1200w, https:\/\/www.franzjosefkaiser.com\/wp-content\/uploads\/2021\/10\/zari_pomazanka_2-1-300x199.jpg 300w, https:\/\/www.franzjosefkaiser.com\/wp-content\/uploads\/2021\/10\/zari_pomazanka_2-1-768x508.jpg 768w, https:\/\/www.franzjosefkaiser.com\/wp-content\/uploads\/2021\/10\/zari_pomazanka_2-1-1024x678.jpg 1024w, https:\/\/www.franzjosefkaiser.com\/wp-content\/uploads\/2021\/10\/zari_pomazanka_2-1-600x397.jpg 600w, https:\/\/www.franzjosefkaiser.com\/wp-content\/uploads\/2021\/10\/zari_pomazanka_2-1.jpg 1571w\" sizes=\"auto, (max-width: 1200px) 100vw, 1200px\" \/><\/figure>\n","protected":false},"excerpt":{"rendered":"<p>Rajsk\u00e9 jablko m\u00e1 bohatou historii, ale tak\u00e9 velkorys\u00fd obsah zdrav\u00ed prosp\u011b\u0161n\u00fdch l\u00e1tek. Lahodnou chu\u0165 raj\u010dat si na\u0161t\u011bst\u00ed m\u016f\u017eeme dop\u0159\u00e1vat po cel\u00fd rok. Jak to? \u010ct\u011bte d\u00e1l&#8230; Nejen, \u017ee v\u00e1m prozrad\u00edme, kde raj\u010data z\u00edskat, tak\u00e9 v\u00e1m nab\u00eddneme tipy, jak s&nbsp;nimi v&nbsp;kuchyni origin\u00e1ln\u011b nalo\u017eit! Zr\u00e1dn\u00e9 jablko l\u00e1sky Raj\u010de m\u00e1 za sebou velmi bohatou historii. Do Evropy jej [&hellip;]<\/p>\n","protected":false},"author":4,"featured_media":0,"comment_status":"open","ping_status":"open","sticky":false,"template":"","format":"standard","meta":{"footnotes":""},"categories":[1],"tags":[],"class_list":["post-7511","post","type-post","status-publish","format-standard","hentry","category-tipy"],"acf":[],"yoast_head":"<!-- This site is optimized with the Yoast SEO plugin v27.0 - https:\/\/yoast.com\/product\/yoast-seo-wordpress\/ -->\n<title>Raj\u010data pln\u00e1 vitam\u00edn\u016f po cel\u00fd rok! - FRANZ JOSEF KAISER<\/title>\n<meta name=\"robots\" content=\"index, follow, max-snippet:-1, max-image-preview:large, max-video-preview:-1\" \/>\n<link rel=\"canonical\" href=\"https:\/\/www.franzjosefkaiser.com\/cs\/rajcata-plna-vitaminu-po-cely-rok\/\" \/>\n<meta property=\"og:locale\" content=\"cs_CZ\" \/>\n<meta property=\"og:type\" content=\"article\" \/>\n<meta property=\"og:title\" content=\"Raj\u010data pln\u00e1 vitam\u00edn\u016f po cel\u00fd rok! - FRANZ JOSEF KAISER\" \/>\n<meta property=\"og:description\" content=\"Rajsk\u00e9 jablko m\u00e1 bohatou historii, ale tak\u00e9 velkorys\u00fd obsah zdrav\u00ed prosp\u011b\u0161n\u00fdch l\u00e1tek. Lahodnou chu\u0165 raj\u010dat si na\u0161t\u011bst\u00ed m\u016f\u017eeme dop\u0159\u00e1vat po cel\u00fd rok. Jak to? \u010ct\u011bte d\u00e1l&#8230; Nejen, \u017ee v\u00e1m prozrad\u00edme, kde raj\u010data z\u00edskat, tak\u00e9 v\u00e1m nab\u00eddneme tipy, jak s&nbsp;nimi v&nbsp;kuchyni origin\u00e1ln\u011b nalo\u017eit! Zr\u00e1dn\u00e9 jablko l\u00e1sky Raj\u010de m\u00e1 za sebou velmi bohatou historii. Do Evropy jej [&hellip;]\" \/>\n<meta property=\"og:url\" content=\"https:\/\/www.franzjosefkaiser.com\/cs\/rajcata-plna-vitaminu-po-cely-rok\/\" \/>\n<meta property=\"og:site_name\" content=\"FRANZ JOSEF KAISER\" \/>\n<meta property=\"article:published_time\" content=\"2021-10-30T11:17:09+00:00\" \/>\n<meta property=\"article:modified_time\" content=\"2021-10-30T11:24:32+00:00\" \/>\n<meta property=\"og:image\" content=\"https:\/\/www.franzjosefkaiser.com\/wp-content\/uploads\/2021\/10\/clay-banks-s-hw64ghWEA-unsplash-1200x799.jpg\" \/>\n<meta name=\"author\" content=\"FRANZ JOSEF KAISER\" \/>\n<meta name=\"twitter:card\" content=\"summary_large_image\" \/>\n<meta name=\"twitter:image\" content=\"https:\/\/www.franzjosefkaiser.com\/wp-content\/uploads\/2021\/10\/clay-banks-s-hw64ghWEA-unsplash-1200x799.jpg\" \/>\n<meta name=\"twitter:label1\" content=\"Napsal(a)\" \/>\n\t<meta name=\"twitter:data1\" content=\"FRANZ JOSEF KAISER\" \/>\n\t<meta name=\"twitter:label2\" content=\"Odhadovan\u00e1 doba \u010dten\u00ed\" \/>\n\t<meta name=\"twitter:data2\" content=\"4 minuty\" \/>\n<script type=\"application\/ld+json\" class=\"yoast-schema-graph\">{\"@context\":\"https:\/\/schema.org\",\"@graph\":[{\"@type\":\"Article\",\"@id\":\"https:\/\/www.franzjosefkaiser.com\/cs\/rajcata-plna-vitaminu-po-cely-rok\/#article\",\"isPartOf\":{\"@id\":\"https:\/\/www.franzjosefkaiser.com\/cs\/rajcata-plna-vitaminu-po-cely-rok\/\"},\"author\":{\"name\":\"FRANZ JOSEF KAISER\",\"@id\":\"https:\/\/www.franzjosefkaiser.com\/cs\/#\/schema\/person\/93d860210b56e4becf13b918428c54cb\"},\"headline\":\"Raj\u010data pln\u00e1 vitam\u00edn\u016f po cel\u00fd rok!\",\"datePublished\":\"2021-10-30T11:17:09+00:00\",\"dateModified\":\"2021-10-30T11:24:32+00:00\",\"mainEntityOfPage\":{\"@id\":\"https:\/\/www.franzjosefkaiser.com\/cs\/rajcata-plna-vitaminu-po-cely-rok\/\"},\"wordCount\":776,\"commentCount\":0,\"publisher\":{\"@id\":\"https:\/\/www.franzjosefkaiser.com\/cs\/#organization\"},\"image\":{\"@id\":\"https:\/\/www.franzjosefkaiser.com\/cs\/rajcata-plna-vitaminu-po-cely-rok\/#primaryimage\"},\"thumbnailUrl\":\"https:\/\/www.franzjosefkaiser.com\/wp-content\/uploads\/2021\/10\/guillaume-lobet-wSAFFv6efLQ-unsplash-1200x675.jpg\",\"articleSection\":[\"Tipy\"],\"inLanguage\":\"cs\",\"potentialAction\":[{\"@type\":\"CommentAction\",\"name\":\"Comment\",\"target\":[\"https:\/\/www.franzjosefkaiser.com\/cs\/rajcata-plna-vitaminu-po-cely-rok\/#respond\"]}]},{\"@type\":\"WebPage\",\"@id\":\"https:\/\/www.franzjosefkaiser.com\/cs\/rajcata-plna-vitaminu-po-cely-rok\/\",\"url\":\"https:\/\/www.franzjosefkaiser.com\/cs\/rajcata-plna-vitaminu-po-cely-rok\/\",\"name\":\"Raj\u010data pln\u00e1 vitam\u00edn\u016f po cel\u00fd rok! - FRANZ JOSEF KAISER\",\"isPartOf\":{\"@id\":\"https:\/\/www.franzjosefkaiser.com\/cs\/#website\"},\"primaryImageOfPage\":{\"@id\":\"https:\/\/www.franzjosefkaiser.com\/cs\/rajcata-plna-vitaminu-po-cely-rok\/#primaryimage\"},\"image\":{\"@id\":\"https:\/\/www.franzjosefkaiser.com\/cs\/rajcata-plna-vitaminu-po-cely-rok\/#primaryimage\"},\"thumbnailUrl\":\"https:\/\/www.franzjosefkaiser.com\/wp-content\/uploads\/2021\/10\/guillaume-lobet-wSAFFv6efLQ-unsplash-1200x675.jpg\",\"datePublished\":\"2021-10-30T11:17:09+00:00\",\"dateModified\":\"2021-10-30T11:24:32+00:00\",\"breadcrumb\":{\"@id\":\"https:\/\/www.franzjosefkaiser.com\/cs\/rajcata-plna-vitaminu-po-cely-rok\/#breadcrumb\"},\"inLanguage\":\"cs\",\"potentialAction\":[{\"@type\":\"ReadAction\",\"target\":[\"https:\/\/www.franzjosefkaiser.com\/cs\/rajcata-plna-vitaminu-po-cely-rok\/\"]}]},{\"@type\":\"ImageObject\",\"inLanguage\":\"cs\",\"@id\":\"https:\/\/www.franzjosefkaiser.com\/cs\/rajcata-plna-vitaminu-po-cely-rok\/#primaryimage\",\"url\":\"https:\/\/www.franzjosefkaiser.com\/wp-content\/uploads\/2021\/10\/guillaume-lobet-wSAFFv6efLQ-unsplash-1200x675.jpg\",\"contentUrl\":\"https:\/\/www.franzjosefkaiser.com\/wp-content\/uploads\/2021\/10\/guillaume-lobet-wSAFFv6efLQ-unsplash-1200x675.jpg\"},{\"@type\":\"BreadcrumbList\",\"@id\":\"https:\/\/www.franzjosefkaiser.com\/cs\/rajcata-plna-vitaminu-po-cely-rok\/#breadcrumb\",\"itemListElement\":[{\"@type\":\"ListItem\",\"position\":1,\"name\":\"Dom\u016f\",\"item\":\"https:\/\/www.franzjosefkaiser.com\/cs\/\"},{\"@type\":\"ListItem\",\"position\":2,\"name\":\"Raj\u010data pln\u00e1 vitam\u00edn\u016f po cel\u00fd rok!\"}]},{\"@type\":\"WebSite\",\"@id\":\"https:\/\/www.franzjosefkaiser.com\/cs\/#website\",\"url\":\"https:\/\/www.franzjosefkaiser.com\/cs\/\",\"name\":\"FRANZ JOSEF KAISER\",\"description\":\"\",\"publisher\":{\"@id\":\"https:\/\/www.franzjosefkaiser.com\/cs\/#organization\"},\"potentialAction\":[{\"@type\":\"SearchAction\",\"target\":{\"@type\":\"EntryPoint\",\"urlTemplate\":\"https:\/\/www.franzjosefkaiser.com\/cs\/?s={search_term_string}\"},\"query-input\":{\"@type\":\"PropertyValueSpecification\",\"valueRequired\":true,\"valueName\":\"search_term_string\"}}],\"inLanguage\":\"cs\"},{\"@type\":\"Organization\",\"@id\":\"https:\/\/www.franzjosefkaiser.com\/cs\/#organization\",\"name\":\"GASTON, s.r.o.\",\"url\":\"https:\/\/www.franzjosefkaiser.com\/cs\/\",\"logo\":{\"@type\":\"ImageObject\",\"inLanguage\":\"cs\",\"@id\":\"https:\/\/www.franzjosefkaiser.com\/cs\/#\/schema\/logo\/image\/\",\"url\":\"https:\/\/www.franzjosefkaiser.com\/wp-content\/uploads\/2019\/10\/fj_logo.png\",\"contentUrl\":\"https:\/\/www.franzjosefkaiser.com\/wp-content\/uploads\/2019\/10\/fj_logo.png\",\"width\":770,\"height\":741,\"caption\":\"GASTON, s.r.o.\"},\"image\":{\"@id\":\"https:\/\/www.franzjosefkaiser.com\/cs\/#\/schema\/logo\/image\/\"}},{\"@type\":\"Person\",\"@id\":\"https:\/\/www.franzjosefkaiser.com\/cs\/#\/schema\/person\/93d860210b56e4becf13b918428c54cb\",\"name\":\"FRANZ JOSEF KAISER\",\"image\":{\"@type\":\"ImageObject\",\"inLanguage\":\"cs\",\"@id\":\"https:\/\/www.franzjosefkaiser.com\/cs\/#\/schema\/person\/image\/\",\"url\":\"https:\/\/secure.gravatar.com\/avatar\/c4d9406ef83c90e4349f88e9644c24948c0bbec428d3de93aa14bfa69b1e1be5?s=96&d=mm&r=g\",\"contentUrl\":\"https:\/\/secure.gravatar.com\/avatar\/c4d9406ef83c90e4349f88e9644c24948c0bbec428d3de93aa14bfa69b1e1be5?s=96&d=mm&r=g\",\"caption\":\"FRANZ JOSEF KAISER\"}}]}<\/script>\n<!-- \/ Yoast SEO plugin. -->","yoast_head_json":{"title":"Raj\u010data pln\u00e1 vitam\u00edn\u016f po cel\u00fd rok! - FRANZ JOSEF KAISER","robots":{"index":"index","follow":"follow","max-snippet":"max-snippet:-1","max-image-preview":"max-image-preview:large","max-video-preview":"max-video-preview:-1"},"canonical":"https:\/\/www.franzjosefkaiser.com\/cs\/rajcata-plna-vitaminu-po-cely-rok\/","og_locale":"cs_CZ","og_type":"article","og_title":"Raj\u010data pln\u00e1 vitam\u00edn\u016f po cel\u00fd rok! - FRANZ JOSEF KAISER","og_description":"Rajsk\u00e9 jablko m\u00e1 bohatou historii, ale tak\u00e9 velkorys\u00fd obsah zdrav\u00ed prosp\u011b\u0161n\u00fdch l\u00e1tek. Lahodnou chu\u0165 raj\u010dat si na\u0161t\u011bst\u00ed m\u016f\u017eeme dop\u0159\u00e1vat po cel\u00fd rok. Jak to? \u010ct\u011bte d\u00e1l&#8230; Nejen, \u017ee v\u00e1m prozrad\u00edme, kde raj\u010data z\u00edskat, tak\u00e9 v\u00e1m nab\u00eddneme tipy, jak s&nbsp;nimi v&nbsp;kuchyni origin\u00e1ln\u011b nalo\u017eit! Zr\u00e1dn\u00e9 jablko l\u00e1sky Raj\u010de m\u00e1 za sebou velmi bohatou historii. Do Evropy jej [&hellip;]","og_url":"https:\/\/www.franzjosefkaiser.com\/cs\/rajcata-plna-vitaminu-po-cely-rok\/","og_site_name":"FRANZ JOSEF KAISER","article_published_time":"2021-10-30T11:17:09+00:00","article_modified_time":"2021-10-30T11:24:32+00:00","og_image":[{"url":"https:\/\/www.franzjosefkaiser.com\/wp-content\/uploads\/2021\/10\/clay-banks-s-hw64ghWEA-unsplash-1200x799.jpg","type":"","width":"","height":""}],"author":"FRANZ JOSEF KAISER","twitter_card":"summary_large_image","twitter_image":"https:\/\/www.franzjosefkaiser.com\/wp-content\/uploads\/2021\/10\/clay-banks-s-hw64ghWEA-unsplash-1200x799.jpg","twitter_misc":{"Napsal(a)":"FRANZ JOSEF KAISER","Odhadovan\u00e1 doba \u010dten\u00ed":"4 minuty"},"schema":{"@context":"https:\/\/schema.org","@graph":[{"@type":"Article","@id":"https:\/\/www.franzjosefkaiser.com\/cs\/rajcata-plna-vitaminu-po-cely-rok\/#article","isPartOf":{"@id":"https:\/\/www.franzjosefkaiser.com\/cs\/rajcata-plna-vitaminu-po-cely-rok\/"},"author":{"name":"FRANZ JOSEF KAISER","@id":"https:\/\/www.franzjosefkaiser.com\/cs\/#\/schema\/person\/93d860210b56e4becf13b918428c54cb"},"headline":"Raj\u010data pln\u00e1 vitam\u00edn\u016f po cel\u00fd rok!","datePublished":"2021-10-30T11:17:09+00:00","dateModified":"2021-10-30T11:24:32+00:00","mainEntityOfPage":{"@id":"https:\/\/www.franzjosefkaiser.com\/cs\/rajcata-plna-vitaminu-po-cely-rok\/"},"wordCount":776,"commentCount":0,"publisher":{"@id":"https:\/\/www.franzjosefkaiser.com\/cs\/#organization"},"image":{"@id":"https:\/\/www.franzjosefkaiser.com\/cs\/rajcata-plna-vitaminu-po-cely-rok\/#primaryimage"},"thumbnailUrl":"https:\/\/www.franzjosefkaiser.com\/wp-content\/uploads\/2021\/10\/guillaume-lobet-wSAFFv6efLQ-unsplash-1200x675.jpg","articleSection":["Tipy"],"inLanguage":"cs","potentialAction":[{"@type":"CommentAction","name":"Comment","target":["https:\/\/www.franzjosefkaiser.com\/cs\/rajcata-plna-vitaminu-po-cely-rok\/#respond"]}]},{"@type":"WebPage","@id":"https:\/\/www.franzjosefkaiser.com\/cs\/rajcata-plna-vitaminu-po-cely-rok\/","url":"https:\/\/www.franzjosefkaiser.com\/cs\/rajcata-plna-vitaminu-po-cely-rok\/","name":"Raj\u010data pln\u00e1 vitam\u00edn\u016f po cel\u00fd rok! - FRANZ JOSEF KAISER","isPartOf":{"@id":"https:\/\/www.franzjosefkaiser.com\/cs\/#website"},"primaryImageOfPage":{"@id":"https:\/\/www.franzjosefkaiser.com\/cs\/rajcata-plna-vitaminu-po-cely-rok\/#primaryimage"},"image":{"@id":"https:\/\/www.franzjosefkaiser.com\/cs\/rajcata-plna-vitaminu-po-cely-rok\/#primaryimage"},"thumbnailUrl":"https:\/\/www.franzjosefkaiser.com\/wp-content\/uploads\/2021\/10\/guillaume-lobet-wSAFFv6efLQ-unsplash-1200x675.jpg","datePublished":"2021-10-30T11:17:09+00:00","dateModified":"2021-10-30T11:24:32+00:00","breadcrumb":{"@id":"https:\/\/www.franzjosefkaiser.com\/cs\/rajcata-plna-vitaminu-po-cely-rok\/#breadcrumb"},"inLanguage":"cs","potentialAction":[{"@type":"ReadAction","target":["https:\/\/www.franzjosefkaiser.com\/cs\/rajcata-plna-vitaminu-po-cely-rok\/"]}]},{"@type":"ImageObject","inLanguage":"cs","@id":"https:\/\/www.franzjosefkaiser.com\/cs\/rajcata-plna-vitaminu-po-cely-rok\/#primaryimage","url":"https:\/\/www.franzjosefkaiser.com\/wp-content\/uploads\/2021\/10\/guillaume-lobet-wSAFFv6efLQ-unsplash-1200x675.jpg","contentUrl":"https:\/\/www.franzjosefkaiser.com\/wp-content\/uploads\/2021\/10\/guillaume-lobet-wSAFFv6efLQ-unsplash-1200x675.jpg"},{"@type":"BreadcrumbList","@id":"https:\/\/www.franzjosefkaiser.com\/cs\/rajcata-plna-vitaminu-po-cely-rok\/#breadcrumb","itemListElement":[{"@type":"ListItem","position":1,"name":"Dom\u016f","item":"https:\/\/www.franzjosefkaiser.com\/cs\/"},{"@type":"ListItem","position":2,"name":"Raj\u010data pln\u00e1 vitam\u00edn\u016f po cel\u00fd rok!"}]},{"@type":"WebSite","@id":"https:\/\/www.franzjosefkaiser.com\/cs\/#website","url":"https:\/\/www.franzjosefkaiser.com\/cs\/","name":"FRANZ JOSEF KAISER","description":"","publisher":{"@id":"https:\/\/www.franzjosefkaiser.com\/cs\/#organization"},"potentialAction":[{"@type":"SearchAction","target":{"@type":"EntryPoint","urlTemplate":"https:\/\/www.franzjosefkaiser.com\/cs\/?s={search_term_string}"},"query-input":{"@type":"PropertyValueSpecification","valueRequired":true,"valueName":"search_term_string"}}],"inLanguage":"cs"},{"@type":"Organization","@id":"https:\/\/www.franzjosefkaiser.com\/cs\/#organization","name":"GASTON, s.r.o.","url":"https:\/\/www.franzjosefkaiser.com\/cs\/","logo":{"@type":"ImageObject","inLanguage":"cs","@id":"https:\/\/www.franzjosefkaiser.com\/cs\/#\/schema\/logo\/image\/","url":"https:\/\/www.franzjosefkaiser.com\/wp-content\/uploads\/2019\/10\/fj_logo.png","contentUrl":"https:\/\/www.franzjosefkaiser.com\/wp-content\/uploads\/2019\/10\/fj_logo.png","width":770,"height":741,"caption":"GASTON, s.r.o."},"image":{"@id":"https:\/\/www.franzjosefkaiser.com\/cs\/#\/schema\/logo\/image\/"}},{"@type":"Person","@id":"https:\/\/www.franzjosefkaiser.com\/cs\/#\/schema\/person\/93d860210b56e4becf13b918428c54cb","name":"FRANZ JOSEF KAISER","image":{"@type":"ImageObject","inLanguage":"cs","@id":"https:\/\/www.franzjosefkaiser.com\/cs\/#\/schema\/person\/image\/","url":"https:\/\/secure.gravatar.com\/avatar\/c4d9406ef83c90e4349f88e9644c24948c0bbec428d3de93aa14bfa69b1e1be5?s=96&d=mm&r=g","contentUrl":"https:\/\/secure.gravatar.com\/avatar\/c4d9406ef83c90e4349f88e9644c24948c0bbec428d3de93aa14bfa69b1e1be5?s=96&d=mm&r=g","caption":"FRANZ JOSEF KAISER"}}]}},"_links":{"self":[{"href":"https:\/\/www.franzjosefkaiser.com\/cs\/wp-json\/wp\/v2\/posts\/7511","targetHints":{"allow":["GET"]}}],"collection":[{"href":"https:\/\/www.franzjosefkaiser.com\/cs\/wp-json\/wp\/v2\/posts"}],"about":[{"href":"https:\/\/www.franzjosefkaiser.com\/cs\/wp-json\/wp\/v2\/types\/post"}],"author":[{"embeddable":true,"href":"https:\/\/www.franzjosefkaiser.com\/cs\/wp-json\/wp\/v2\/users\/4"}],"replies":[{"embeddable":true,"href":"https:\/\/www.franzjosefkaiser.com\/cs\/wp-json\/wp\/v2\/comments?post=7511"}],"version-history":[{"count":19,"href":"https:\/\/www.franzjosefkaiser.com\/cs\/wp-json\/wp\/v2\/posts\/7511\/revisions"}],"predecessor-version":[{"id":7554,"href":"https:\/\/www.franzjosefkaiser.com\/cs\/wp-json\/wp\/v2\/posts\/7511\/revisions\/7554"}],"wp:attachment":[{"href":"https:\/\/www.franzjosefkaiser.com\/cs\/wp-json\/wp\/v2\/media?parent=7511"}],"wp:term":[{"taxonomy":"category","embeddable":true,"href":"https:\/\/www.franzjosefkaiser.com\/cs\/wp-json\/wp\/v2\/categories?post=7511"},{"taxonomy":"post_tag","embeddable":true,"href":"https:\/\/www.franzjosefkaiser.com\/cs\/wp-json\/wp\/v2\/tags?post=7511"}],"curies":[{"name":"wp","href":"https:\/\/api.w.org\/{rel}","templated":true}]}}