{"id":8210,"date":"2023-03-15T11:15:18","date_gmt":"2023-03-15T10:15:18","guid":{"rendered":"https:\/\/www.franzjosefkaiser.com\/?p=8210"},"modified":"2023-03-15T14:42:13","modified_gmt":"2023-03-15T13:42:13","slug":"jsou-tresci-jatra-zdrava-a-kdo-by-je-mel-konzumovat","status":"publish","type":"post","link":"https:\/\/www.franzjosefkaiser.com\/cs\/jsou-tresci-jatra-zdrava-a-kdo-by-je-mel-konzumovat\/","title":{"rendered":"Jsou tres\u010d\u00ed j\u00e1tra zdrav\u00e1? A kdo by je m\u011bl konzumovat?"},"content":{"rendered":"\n<p>Tres\u010d\u00ed j\u00e1tra pat\u0159\u00ed mezi velice zdrav\u00e9 potraviny s celou \u0159adou benefit\u016f. Vysoce hodnocen\u00fd je i olej z tres\u010d\u00edch jater, kter\u00fd m\u00e1 bohat\u00fd obsah nutri\u010dn\u011b cenn\u00fdch l\u00e1tek a velk\u00fd p\u0159\u00ednos pro na\u0161e zdrav\u00ed. Pro\u010d j\u00edst tres\u010d\u00ed j\u00e1tra a pro koho jsou tres\u010d\u00ed j\u00e1tra nejvhodn\u011bj\u0161\u00ed v\u00e1m prozrad\u00ed n\u00e1\u0161 \u010dl\u00e1nek.<\/p>\n\n\n\n<h2 class=\"wp-block-heading\">Olej<strong> <\/strong>z tres\u010d\u00edch jater a zdrav\u00ed<\/h2>\n\n\n\n<p>Olej z tres\u010d\u00edch jater se z\u00edsk\u00e1v\u00e1 z jater tresky obecn\u00e9. Nespad\u00e1 pod ozna\u010den\u00ed ryb\u00ed tuk, proto\u017ee ten se extrahuje z r\u016fzn\u00fdch \u010d\u00e1st\u00ed jin\u00fdch ryb, nap\u0159\u00edklad tu\u0148\u00e1ka, sled\u011b, sardinek \u010di makrely. <a href=\"https:\/\/www.franzjosefkaiser.com\/proc-si-doprat-tresci-jatra\/\" target=\"_blank\" rel=\"noreferrer noopener\">Tres\u010d\u00ed j\u00e1tra<\/a> obsahuj\u00ed velice zdrav\u00fd olej, kter\u00fd se konzumuje i jako v\u00fd\u017eivov\u00fd dopln\u011bk.&nbsp;<\/p>\n\n\n\n<p>K&nbsp;jeho nesporn\u00fdm p\u0159ednostem pat\u0159\u00ed <strong>vysok\u00fd obsah omega 3 mastn\u00fdch kyselin a vitam\u00edn\u016f rozpustn\u00fdch v tuc\u00edch<\/strong>, zejm\u00e9na vitam\u00ednu A a D. S t\u00edm pak tak\u00e9 souvis\u00ed \u010detn\u00e9 zdravotn\u00ed benefity a pomoc s prevenc\u00ed i l\u00e9\u010dbou mnoha zdravotn\u00edch obt\u00ed\u017e\u00ed. V \u010dem jsou tedy tres\u010d\u00ed j\u00e1tra pro n\u00e1s prosp\u011b\u0161n\u00e1?<\/p>\n\n\n\n<h4 class=\"wp-block-heading\"><strong>Vysok\u00fd obsahu vitam\u00ednu A<\/strong><\/h4>\n\n\n\n<p>Tres\u010d\u00ed j\u00e1tra obsahuj\u00ed opravdu velmi vysok\u00e9 mno\u017estv\u00ed vitam\u00ednu A, kter\u00fd je nezbytn\u00fd pro udr\u017een\u00ed zdrav\u00e9ho zraku a poko\u017eky, ale i pro zaji\u0161t\u011bn\u00ed mnoha dal\u0161\u00edch funkc\u00ed v t\u011ble. <strong>Je siln\u00fdm antioxidantem a m\u00e1 protiz\u00e1n\u011btliv\u00e9 \u00fa\u010dinky. <\/strong>Skv\u011ble funguje jako prevence vzniku zelen\u00e9ho z\u00e1kalu a makul\u00e1rn\u00ed degenerace.&nbsp;<\/p>\n\n\n\n<p>S ohledem na vysok\u00fd obsah vitam\u00ednu A je pot\u0159eba d\u00e1vat jen pozor na nadm\u011brnou konzumaci tres\u010d\u00edch jater v t\u011bhotenstv\u00ed, proto\u017ee p\u0159ebytky vitam\u00ednu A by mohly po\u0161kodit plod. Vzhledem k tomu, \u017ee t\u011bhotn\u00e1 \u017eena jist\u011b nebude poj\u00eddat tres\u010d\u00ed j\u00e1tra t\u0159ikr\u00e1t denn\u011b, nen\u00ed toto riziko a\u017e tak vysok\u00e9.&nbsp;<\/p>\n\n\n\n<h4 class=\"wp-block-heading\"><strong><strong>Vysok\u00fd obsah vitam\u00ednu D<\/strong><\/strong><\/h4>\n\n\n\n<p>Olej z tres\u010d\u00edch jater obsahuje rovn\u011b\u017e i vysok\u00e9 d\u00e1vky velmi prosp\u011b\u0161n\u00e9ho vitam\u00ednu D, jeho\u017e nedostatek poci\u0165ujeme hlavn\u011b v zim\u011b. <strong>Vitam\u00edn D je nezbytn\u00fd pro spr\u00e1vn\u00fd v\u00fdvoj kost\u00ed<\/strong>, je dobrou prevenc\u00ed proti k\u0159ivici u d\u011bt\u00ed, a tak\u00e9 pom\u00e1h\u00e1 \u017een\u00e1m v menopauze bojovat s osteopor\u00f3zou.<\/p>\n\n\n\n<p>Vitam\u00edn D pom\u00e1h\u00e1 t\u011blu se vst\u0159eb\u00e1v\u00e1n\u00edm v\u00e1pn\u00edku ze stravy a podporuje tak zdrav\u00ed na\u0161ich kost\u00ed ve v\u0161ech ohledech. D\u00edky konzumaci oleje z tres\u010d\u00edch jater \u010dasto doch\u00e1z\u00ed i ke zm\u00edrn\u011bn\u00ed bolesti kloub\u016f. <strong>Na z\u00e1klad\u011b studi\u00ed byl potvrzen velmi pozitivn\u00ed vliv <a href=\"https:\/\/www.franzjosefkaiser.com\/produkty\/tresci-jatra-ve-vlastnim-oleji-s-olivou-115g\/\">tres\u010d\u00edch jater <\/a>na revmatismus.<\/strong> Z\u00e1rove\u0148 prosp\u00edv\u00e1 imunitn\u00edmu syst\u00e9mu a umo\u017e\u0148uje bojovat s infekcemi v\u0161eho druhu.<\/p>\n\n\n\n<h4 class=\"wp-block-heading\"><strong><strong>Vysok\u00fd obsah omega 3 mastn\u00fdch kyselin<\/strong><\/strong><\/h4>\n\n\n\n<p>Omega 3 mastn\u00e9 kyseliny pat\u0159\u00ed mezi zdrav\u00e9 tuky, kter\u00e9 maj\u00ed p\u0159irozen\u00fd protiz\u00e1n\u011btliv\u00fd \u00fa\u010dinek a v\u00fdrazn\u011b sni\u017euj\u00ed riziko vzniku kardiovaskul\u00e1rn\u00edch chorob. Sni\u017euj\u00ed tak\u00e9 krevn\u00ed tlak a vysokou hladinu cholesterolu. Studie rovn\u011b\u017e prok\u00e1zaly, \u017ee omega 3 mastn\u00e9 kyseliny stoj\u00ed za sn\u00ed\u017een\u00edm depresivn\u00edch a \u00fazkostn\u00fdch stav\u016f a celkov\u00fdm zlep\u0161en\u00edm n\u00e1lady.&nbsp;<\/p>\n\n\n\n<h2 class=\"wp-block-heading\">Jak\u00e9 maj\u00ed tres\u010d\u00ed j\u00e1tra zdravotn\u00ed benefity?<\/h2>\n\n\n\n<p>Poj\u010fme si to shrnout. Olej z tres\u010d\u00edch jater nebo <a href=\"https:\/\/www.franzjosefkaiser.com\/produkty\/tresci-jatra-ve-vlastnim-oleji-s-citronem-115g\/\" target=\"_blank\" rel=\"noreferrer noopener\">samotn\u00e1 tres\u010d\u00ed j\u00e1tra<\/a> maj\u00ed tyto zdravotn\u00ed benefity:<\/p>\n\n\n\n<ul class=\"wp-block-list\">\n<li>prosp\u00edvaj\u00ed celkov\u00e9mu zdrav\u00ed na\u0161ich o\u010d\u00ed<\/li>\n\n\n\n<li>sni\u017euj\u00ed riziko vzniku kardiovaskul\u00e1rn\u00edch chorob<\/li>\n\n\n\n<li>maj\u00ed celkov\u011b protiz\u00e1n\u011btliv\u00fd \u00fa\u010dinek<\/li>\n\n\n\n<li>\u0159ed\u00ed krev<\/li>\n\n\n\n<li>podporuj\u00ed silnou imunitu<\/li>\n\n\n\n<li>sni\u017euj\u00ed bolestivost a rann\u00ed ztuhlost kloub\u016f<\/li>\n\n\n\n<li>chr\u00e1n\u00ed klouby p\u0159ed po\u0161kozen\u00edm<\/li>\n\n\n\n<li>podporuj\u00ed zdrav\u00ed kost\u00ed a vst\u0159eb\u00e1v\u00e1n\u00ed v\u00e1pn\u00edku<\/li>\n\n\n\n<li>pom\u00e1haj\u00ed \u017een\u00e1m, kter\u00fdm hroz\u00ed osteopor\u00f3za<\/li>\n\n\n\n<li>pom\u00e1haj\u00ed p\u0159i autoimunitn\u00edch chorob\u00e1ch<\/li>\n\n\n\n<li>pom\u00e1haj\u00ed p\u0159i \u00fazkosti a depres\u00edch<\/li>\n\n\n\n<li>zlep\u0161uj\u00ed \u017ealude\u010dn\u00ed v\u0159edy a z\u00e1n\u011bty st\u0159eva<\/li>\n<\/ul>\n\n\n\n<h2 class=\"wp-block-heading\">Kdo by m\u011bl tres\u010d\u00ed j\u00e1tra konzumovat?<\/h2>\n\n\n\n<p><a href=\"https:\/\/www.franzjosefkaiser.com\/produkty\/tresci-jatra-ve-vlastnim-oleji-s-bobkovym-listem-115g\/\" target=\"_blank\" rel=\"noreferrer noopener\">Tres\u010d\u00ed j\u00e1tra ve vlastn\u00edm oleji<\/a> jsou vhodn\u00e1 pro d\u011bti, studenty, sportovce, seniory, \u017eeny p\u0159ed menopauzou a v menopauze, tak\u00e9 pro osoby trp\u00edc\u00ed nadv\u00e1hou, osoby s rizikem vzniku kardiovaskul\u00e1rn\u00edch chorob, nap\u0159\u00edklad mrtvice, tromb\u00f3zy a infarktu, nebo pokud se tato onemocn\u011bn\u00ed vyskytla ji\u017e d\u0159\u00edve v rodin\u011b.&nbsp;<\/p>\n\n\n\n<p>Olej z tres\u010d\u00edch jater m\u016f\u017ee b\u00fdt i velmi prosp\u011b\u0161n\u00fd pro v\u0161echny pacienty s autoimunitn\u00edm onemocn\u011bn\u00edm, p\u0159i Crohnov\u011b chorob\u011b a ulcer\u00f3zn\u00ed kolitid\u011b, pro potravinov\u00e9 alergiky, osoby trp\u00edc\u00ed revmatismem nebo roztrou\u0161enou skler\u00f3zou, tak\u00e9 pro osoby trp\u00edc\u00ed depresemi a \u00fazkost\u00ed.<\/p>\n\n\n\n<p>Opatrnost p\u0159i konzumaci tres\u010d\u00edch jater nebo oleje z tres\u010d\u00edch jater je nutn\u00e1 krom\u011b t\u011bhotenstv\u00ed, u osob, kter\u00e9 maj\u00ed poruchy krv\u00e1civosti, proto\u017ee tres\u010d\u00ed j\u00e1tra podporuj\u00ed \u0159ed\u011bn\u00ed krve.&nbsp;<\/p>\n\n\n\n<h2 class=\"wp-block-heading\">Jak\u00e9 mno\u017estv\u00ed oleje z tres\u010d\u00edch jater se doporu\u010duje?<\/h2>\n\n\n\n<p>Obecn\u011b se doporu\u010duje d\u00e1vka 1\u20132 \u010dajov\u00e9 l\u017ei\u010dky oleje z tres\u010d\u00edch jater denn\u011b. Z\u00edsk\u00e1te tak 90 % denn\u00ed doporu\u010den\u00e9 d\u00e1vky vitam\u00ednu A, 113 % denn\u00ed doporu\u010den\u00e9 d\u00e1vky vitam\u00ednu D a 80 % denn\u00ed doporu\u010den\u00e9 d\u00e1vky omega 3 mastn\u00fdch kyselin.<\/p>\n","protected":false},"excerpt":{"rendered":"<p>Tres\u010d\u00ed j\u00e1tra pat\u0159\u00ed mezi velice zdrav\u00e9 potraviny s celou \u0159adou benefit\u016f. Vysoce hodnocen\u00fd je i olej z tres\u010d\u00edch jater, kter\u00fd m\u00e1 bohat\u00fd obsah nutri\u010dn\u011b cenn\u00fdch l\u00e1tek a velk\u00fd p\u0159\u00ednos pro na\u0161e zdrav\u00ed. Pro\u010d j\u00edst tres\u010d\u00ed j\u00e1tra a pro koho jsou tres\u010d\u00ed j\u00e1tra nejvhodn\u011bj\u0161\u00ed v\u00e1m prozrad\u00ed n\u00e1\u0161 \u010dl\u00e1nek. Olej z tres\u010d\u00edch jater a zdrav\u00ed Olej z [&hellip;]<\/p>\n","protected":false},"author":4,"featured_media":0,"comment_status":"open","ping_status":"open","sticky":false,"template":"","format":"standard","meta":{"footnotes":""},"categories":[1],"tags":[],"class_list":["post-8210","post","type-post","status-publish","format-standard","hentry","category-tipy"],"acf":[],"yoast_head":"<!-- This site is optimized with the Yoast SEO plugin v27.0 - https:\/\/yoast.com\/product\/yoast-seo-wordpress\/ -->\n<title>Jsou tres\u010d\u00ed j\u00e1tra zdrav\u00e1? A kdo by je m\u011bl konzumovat? - FRANZ JOSEF KAISER<\/title>\n<meta name=\"description\" content=\"Pod\u00edvejte se, jak va\u0161emu t\u011blu m\u016f\u017ee prosp\u011bt olej z tres\u010d\u00edch jater. Krom\u011b toho, \u017ee je zdrav\u00ed prosp\u011b\u0161n\u00fd, jist\u011b na n\u011bm i skv\u011ble pochutn\u00e1te.\" \/>\n<meta name=\"robots\" content=\"index, follow, max-snippet:-1, max-image-preview:large, max-video-preview:-1\" \/>\n<link rel=\"canonical\" href=\"https:\/\/www.franzjosefkaiser.com\/cs\/jsou-tresci-jatra-zdrava-a-kdo-by-je-mel-konzumovat\/\" \/>\n<meta property=\"og:locale\" content=\"cs_CZ\" \/>\n<meta property=\"og:type\" content=\"article\" \/>\n<meta property=\"og:title\" content=\"Jsou tres\u010d\u00ed j\u00e1tra zdrav\u00e1? A kdo by je m\u011bl konzumovat? - FRANZ JOSEF KAISER\" \/>\n<meta property=\"og:description\" content=\"Pod\u00edvejte se, jak va\u0161emu t\u011blu m\u016f\u017ee prosp\u011bt olej z tres\u010d\u00edch jater. Krom\u011b toho, \u017ee je zdrav\u00ed prosp\u011b\u0161n\u00fd, jist\u011b na n\u011bm i skv\u011ble pochutn\u00e1te.\" \/>\n<meta property=\"og:url\" content=\"https:\/\/www.franzjosefkaiser.com\/cs\/jsou-tresci-jatra-zdrava-a-kdo-by-je-mel-konzumovat\/\" \/>\n<meta property=\"og:site_name\" content=\"FRANZ JOSEF KAISER\" \/>\n<meta property=\"article:published_time\" content=\"2023-03-15T10:15:18+00:00\" \/>\n<meta property=\"article:modified_time\" content=\"2023-03-15T13:42:13+00:00\" \/>\n<meta property=\"og:image\" content=\"https:\/\/www.franzjosefkaiser.com\/wp-content\/uploads\/2022\/04\/fj-tresci-jatra-3x2_hires-1200x800.jpg\" \/>\n\t<meta property=\"og:image:width\" content=\"1200\" \/>\n\t<meta property=\"og:image:height\" content=\"1200\" \/>\n\t<meta property=\"og:image:type\" content=\"image\/jpeg\" \/>\n<meta name=\"author\" content=\"FRANZ JOSEF KAISER\" \/>\n<meta name=\"twitter:card\" content=\"summary_large_image\" \/>\n<meta name=\"twitter:image\" content=\"https:\/\/www.franzjosefkaiser.com\/wp-content\/uploads\/2022\/04\/fj-tresci-jatra-3x2_hires-1200x800.jpg\" \/>\n<meta name=\"twitter:label1\" content=\"Napsal(a)\" \/>\n\t<meta name=\"twitter:data1\" content=\"FRANZ JOSEF KAISER\" \/>\n\t<meta name=\"twitter:label2\" content=\"Odhadovan\u00e1 doba \u010dten\u00ed\" \/>\n\t<meta name=\"twitter:data2\" content=\"4 minuty\" \/>\n<script type=\"application\/ld+json\" class=\"yoast-schema-graph\">{\"@context\":\"https:\/\/schema.org\",\"@graph\":[{\"@type\":\"Article\",\"@id\":\"https:\/\/www.franzjosefkaiser.com\/cs\/jsou-tresci-jatra-zdrava-a-kdo-by-je-mel-konzumovat\/#article\",\"isPartOf\":{\"@id\":\"https:\/\/www.franzjosefkaiser.com\/cs\/jsou-tresci-jatra-zdrava-a-kdo-by-je-mel-konzumovat\/\"},\"author\":{\"name\":\"FRANZ JOSEF KAISER\",\"@id\":\"https:\/\/www.franzjosefkaiser.com\/cs\/#\/schema\/person\/93d860210b56e4becf13b918428c54cb\"},\"headline\":\"Jsou tres\u010d\u00ed j\u00e1tra zdrav\u00e1? A kdo by je m\u011bl konzumovat?\",\"datePublished\":\"2023-03-15T10:15:18+00:00\",\"dateModified\":\"2023-03-15T13:42:13+00:00\",\"mainEntityOfPage\":{\"@id\":\"https:\/\/www.franzjosefkaiser.com\/cs\/jsou-tresci-jatra-zdrava-a-kdo-by-je-mel-konzumovat\/\"},\"wordCount\":859,\"commentCount\":0,\"publisher\":{\"@id\":\"https:\/\/www.franzjosefkaiser.com\/cs\/#organization\"},\"articleSection\":[\"Tipy\"],\"inLanguage\":\"cs\",\"potentialAction\":[{\"@type\":\"CommentAction\",\"name\":\"Comment\",\"target\":[\"https:\/\/www.franzjosefkaiser.com\/cs\/jsou-tresci-jatra-zdrava-a-kdo-by-je-mel-konzumovat\/#respond\"]}]},{\"@type\":\"WebPage\",\"@id\":\"https:\/\/www.franzjosefkaiser.com\/cs\/jsou-tresci-jatra-zdrava-a-kdo-by-je-mel-konzumovat\/\",\"url\":\"https:\/\/www.franzjosefkaiser.com\/cs\/jsou-tresci-jatra-zdrava-a-kdo-by-je-mel-konzumovat\/\",\"name\":\"Jsou tres\u010d\u00ed j\u00e1tra zdrav\u00e1? A kdo by je m\u011bl konzumovat? - FRANZ JOSEF KAISER\",\"isPartOf\":{\"@id\":\"https:\/\/www.franzjosefkaiser.com\/cs\/#website\"},\"datePublished\":\"2023-03-15T10:15:18+00:00\",\"dateModified\":\"2023-03-15T13:42:13+00:00\",\"description\":\"Pod\u00edvejte se, jak va\u0161emu t\u011blu m\u016f\u017ee prosp\u011bt olej z tres\u010d\u00edch jater. Krom\u011b toho, \u017ee je zdrav\u00ed prosp\u011b\u0161n\u00fd, jist\u011b na n\u011bm i skv\u011ble pochutn\u00e1te.\",\"breadcrumb\":{\"@id\":\"https:\/\/www.franzjosefkaiser.com\/cs\/jsou-tresci-jatra-zdrava-a-kdo-by-je-mel-konzumovat\/#breadcrumb\"},\"inLanguage\":\"cs\",\"potentialAction\":[{\"@type\":\"ReadAction\",\"target\":[\"https:\/\/www.franzjosefkaiser.com\/cs\/jsou-tresci-jatra-zdrava-a-kdo-by-je-mel-konzumovat\/\"]}]},{\"@type\":\"BreadcrumbList\",\"@id\":\"https:\/\/www.franzjosefkaiser.com\/cs\/jsou-tresci-jatra-zdrava-a-kdo-by-je-mel-konzumovat\/#breadcrumb\",\"itemListElement\":[{\"@type\":\"ListItem\",\"position\":1,\"name\":\"Dom\u016f\",\"item\":\"https:\/\/www.franzjosefkaiser.com\/cs\/\"},{\"@type\":\"ListItem\",\"position\":2,\"name\":\"Jsou tres\u010d\u00ed j\u00e1tra zdrav\u00e1? A kdo by je m\u011bl konzumovat?\"}]},{\"@type\":\"WebSite\",\"@id\":\"https:\/\/www.franzjosefkaiser.com\/cs\/#website\",\"url\":\"https:\/\/www.franzjosefkaiser.com\/cs\/\",\"name\":\"FRANZ JOSEF KAISER\",\"description\":\"\",\"publisher\":{\"@id\":\"https:\/\/www.franzjosefkaiser.com\/cs\/#organization\"},\"potentialAction\":[{\"@type\":\"SearchAction\",\"target\":{\"@type\":\"EntryPoint\",\"urlTemplate\":\"https:\/\/www.franzjosefkaiser.com\/cs\/?s={search_term_string}\"},\"query-input\":{\"@type\":\"PropertyValueSpecification\",\"valueRequired\":true,\"valueName\":\"search_term_string\"}}],\"inLanguage\":\"cs\"},{\"@type\":\"Organization\",\"@id\":\"https:\/\/www.franzjosefkaiser.com\/cs\/#organization\",\"name\":\"GASTON, s.r.o.\",\"url\":\"https:\/\/www.franzjosefkaiser.com\/cs\/\",\"logo\":{\"@type\":\"ImageObject\",\"inLanguage\":\"cs\",\"@id\":\"https:\/\/www.franzjosefkaiser.com\/cs\/#\/schema\/logo\/image\/\",\"url\":\"https:\/\/www.franzjosefkaiser.com\/wp-content\/uploads\/2019\/10\/fj_logo.png\",\"contentUrl\":\"https:\/\/www.franzjosefkaiser.com\/wp-content\/uploads\/2019\/10\/fj_logo.png\",\"width\":770,\"height\":741,\"caption\":\"GASTON, s.r.o.\"},\"image\":{\"@id\":\"https:\/\/www.franzjosefkaiser.com\/cs\/#\/schema\/logo\/image\/\"}},{\"@type\":\"Person\",\"@id\":\"https:\/\/www.franzjosefkaiser.com\/cs\/#\/schema\/person\/93d860210b56e4becf13b918428c54cb\",\"name\":\"FRANZ JOSEF KAISER\",\"image\":{\"@type\":\"ImageObject\",\"inLanguage\":\"cs\",\"@id\":\"https:\/\/www.franzjosefkaiser.com\/cs\/#\/schema\/person\/image\/\",\"url\":\"https:\/\/secure.gravatar.com\/avatar\/c4d9406ef83c90e4349f88e9644c24948c0bbec428d3de93aa14bfa69b1e1be5?s=96&d=mm&r=g\",\"contentUrl\":\"https:\/\/secure.gravatar.com\/avatar\/c4d9406ef83c90e4349f88e9644c24948c0bbec428d3de93aa14bfa69b1e1be5?s=96&d=mm&r=g\",\"caption\":\"FRANZ JOSEF KAISER\"}}]}<\/script>\n<!-- \/ Yoast SEO plugin. -->","yoast_head_json":{"title":"Jsou tres\u010d\u00ed j\u00e1tra zdrav\u00e1? A kdo by je m\u011bl konzumovat? - FRANZ JOSEF KAISER","description":"Pod\u00edvejte se, jak va\u0161emu t\u011blu m\u016f\u017ee prosp\u011bt olej z tres\u010d\u00edch jater. Krom\u011b toho, \u017ee je zdrav\u00ed prosp\u011b\u0161n\u00fd, jist\u011b na n\u011bm i skv\u011ble pochutn\u00e1te.","robots":{"index":"index","follow":"follow","max-snippet":"max-snippet:-1","max-image-preview":"max-image-preview:large","max-video-preview":"max-video-preview:-1"},"canonical":"https:\/\/www.franzjosefkaiser.com\/cs\/jsou-tresci-jatra-zdrava-a-kdo-by-je-mel-konzumovat\/","og_locale":"cs_CZ","og_type":"article","og_title":"Jsou tres\u010d\u00ed j\u00e1tra zdrav\u00e1? A kdo by je m\u011bl konzumovat? - FRANZ JOSEF KAISER","og_description":"Pod\u00edvejte se, jak va\u0161emu t\u011blu m\u016f\u017ee prosp\u011bt olej z tres\u010d\u00edch jater. Krom\u011b toho, \u017ee je zdrav\u00ed prosp\u011b\u0161n\u00fd, jist\u011b na n\u011bm i skv\u011ble pochutn\u00e1te.","og_url":"https:\/\/www.franzjosefkaiser.com\/cs\/jsou-tresci-jatra-zdrava-a-kdo-by-je-mel-konzumovat\/","og_site_name":"FRANZ JOSEF KAISER","article_published_time":"2023-03-15T10:15:18+00:00","article_modified_time":"2023-03-15T13:42:13+00:00","og_image":[{"width":1200,"height":1200,"url":"https:\/\/www.franzjosefkaiser.com\/wp-content\/uploads\/2022\/04\/fj-tresci-jatra-3x2_hires-1200x800.jpg","type":"image\/jpeg"}],"author":"FRANZ JOSEF KAISER","twitter_card":"summary_large_image","twitter_image":"https:\/\/www.franzjosefkaiser.com\/wp-content\/uploads\/2022\/04\/fj-tresci-jatra-3x2_hires-1200x800.jpg","twitter_misc":{"Napsal(a)":"FRANZ JOSEF KAISER","Odhadovan\u00e1 doba \u010dten\u00ed":"4 minuty"},"schema":{"@context":"https:\/\/schema.org","@graph":[{"@type":"Article","@id":"https:\/\/www.franzjosefkaiser.com\/cs\/jsou-tresci-jatra-zdrava-a-kdo-by-je-mel-konzumovat\/#article","isPartOf":{"@id":"https:\/\/www.franzjosefkaiser.com\/cs\/jsou-tresci-jatra-zdrava-a-kdo-by-je-mel-konzumovat\/"},"author":{"name":"FRANZ JOSEF KAISER","@id":"https:\/\/www.franzjosefkaiser.com\/cs\/#\/schema\/person\/93d860210b56e4becf13b918428c54cb"},"headline":"Jsou tres\u010d\u00ed j\u00e1tra zdrav\u00e1? A kdo by je m\u011bl konzumovat?","datePublished":"2023-03-15T10:15:18+00:00","dateModified":"2023-03-15T13:42:13+00:00","mainEntityOfPage":{"@id":"https:\/\/www.franzjosefkaiser.com\/cs\/jsou-tresci-jatra-zdrava-a-kdo-by-je-mel-konzumovat\/"},"wordCount":859,"commentCount":0,"publisher":{"@id":"https:\/\/www.franzjosefkaiser.com\/cs\/#organization"},"articleSection":["Tipy"],"inLanguage":"cs","potentialAction":[{"@type":"CommentAction","name":"Comment","target":["https:\/\/www.franzjosefkaiser.com\/cs\/jsou-tresci-jatra-zdrava-a-kdo-by-je-mel-konzumovat\/#respond"]}]},{"@type":"WebPage","@id":"https:\/\/www.franzjosefkaiser.com\/cs\/jsou-tresci-jatra-zdrava-a-kdo-by-je-mel-konzumovat\/","url":"https:\/\/www.franzjosefkaiser.com\/cs\/jsou-tresci-jatra-zdrava-a-kdo-by-je-mel-konzumovat\/","name":"Jsou tres\u010d\u00ed j\u00e1tra zdrav\u00e1? A kdo by je m\u011bl konzumovat? - FRANZ JOSEF KAISER","isPartOf":{"@id":"https:\/\/www.franzjosefkaiser.com\/cs\/#website"},"datePublished":"2023-03-15T10:15:18+00:00","dateModified":"2023-03-15T13:42:13+00:00","description":"Pod\u00edvejte se, jak va\u0161emu t\u011blu m\u016f\u017ee prosp\u011bt olej z tres\u010d\u00edch jater. Krom\u011b toho, \u017ee je zdrav\u00ed prosp\u011b\u0161n\u00fd, jist\u011b na n\u011bm i skv\u011ble pochutn\u00e1te.","breadcrumb":{"@id":"https:\/\/www.franzjosefkaiser.com\/cs\/jsou-tresci-jatra-zdrava-a-kdo-by-je-mel-konzumovat\/#breadcrumb"},"inLanguage":"cs","potentialAction":[{"@type":"ReadAction","target":["https:\/\/www.franzjosefkaiser.com\/cs\/jsou-tresci-jatra-zdrava-a-kdo-by-je-mel-konzumovat\/"]}]},{"@type":"BreadcrumbList","@id":"https:\/\/www.franzjosefkaiser.com\/cs\/jsou-tresci-jatra-zdrava-a-kdo-by-je-mel-konzumovat\/#breadcrumb","itemListElement":[{"@type":"ListItem","position":1,"name":"Dom\u016f","item":"https:\/\/www.franzjosefkaiser.com\/cs\/"},{"@type":"ListItem","position":2,"name":"Jsou tres\u010d\u00ed j\u00e1tra zdrav\u00e1? A kdo by je m\u011bl konzumovat?"}]},{"@type":"WebSite","@id":"https:\/\/www.franzjosefkaiser.com\/cs\/#website","url":"https:\/\/www.franzjosefkaiser.com\/cs\/","name":"FRANZ JOSEF KAISER","description":"","publisher":{"@id":"https:\/\/www.franzjosefkaiser.com\/cs\/#organization"},"potentialAction":[{"@type":"SearchAction","target":{"@type":"EntryPoint","urlTemplate":"https:\/\/www.franzjosefkaiser.com\/cs\/?s={search_term_string}"},"query-input":{"@type":"PropertyValueSpecification","valueRequired":true,"valueName":"search_term_string"}}],"inLanguage":"cs"},{"@type":"Organization","@id":"https:\/\/www.franzjosefkaiser.com\/cs\/#organization","name":"GASTON, s.r.o.","url":"https:\/\/www.franzjosefkaiser.com\/cs\/","logo":{"@type":"ImageObject","inLanguage":"cs","@id":"https:\/\/www.franzjosefkaiser.com\/cs\/#\/schema\/logo\/image\/","url":"https:\/\/www.franzjosefkaiser.com\/wp-content\/uploads\/2019\/10\/fj_logo.png","contentUrl":"https:\/\/www.franzjosefkaiser.com\/wp-content\/uploads\/2019\/10\/fj_logo.png","width":770,"height":741,"caption":"GASTON, s.r.o."},"image":{"@id":"https:\/\/www.franzjosefkaiser.com\/cs\/#\/schema\/logo\/image\/"}},{"@type":"Person","@id":"https:\/\/www.franzjosefkaiser.com\/cs\/#\/schema\/person\/93d860210b56e4becf13b918428c54cb","name":"FRANZ JOSEF KAISER","image":{"@type":"ImageObject","inLanguage":"cs","@id":"https:\/\/www.franzjosefkaiser.com\/cs\/#\/schema\/person\/image\/","url":"https:\/\/secure.gravatar.com\/avatar\/c4d9406ef83c90e4349f88e9644c24948c0bbec428d3de93aa14bfa69b1e1be5?s=96&d=mm&r=g","contentUrl":"https:\/\/secure.gravatar.com\/avatar\/c4d9406ef83c90e4349f88e9644c24948c0bbec428d3de93aa14bfa69b1e1be5?s=96&d=mm&r=g","caption":"FRANZ JOSEF KAISER"}}]}},"_links":{"self":[{"href":"https:\/\/www.franzjosefkaiser.com\/cs\/wp-json\/wp\/v2\/posts\/8210","targetHints":{"allow":["GET"]}}],"collection":[{"href":"https:\/\/www.franzjosefkaiser.com\/cs\/wp-json\/wp\/v2\/posts"}],"about":[{"href":"https:\/\/www.franzjosefkaiser.com\/cs\/wp-json\/wp\/v2\/types\/post"}],"author":[{"embeddable":true,"href":"https:\/\/www.franzjosefkaiser.com\/cs\/wp-json\/wp\/v2\/users\/4"}],"replies":[{"embeddable":true,"href":"https:\/\/www.franzjosefkaiser.com\/cs\/wp-json\/wp\/v2\/comments?post=8210"}],"version-history":[{"count":10,"href":"https:\/\/www.franzjosefkaiser.com\/cs\/wp-json\/wp\/v2\/posts\/8210\/revisions"}],"predecessor-version":[{"id":9758,"href":"https:\/\/www.franzjosefkaiser.com\/cs\/wp-json\/wp\/v2\/posts\/8210\/revisions\/9758"}],"wp:attachment":[{"href":"https:\/\/www.franzjosefkaiser.com\/cs\/wp-json\/wp\/v2\/media?parent=8210"}],"wp:term":[{"taxonomy":"category","embeddable":true,"href":"https:\/\/www.franzjosefkaiser.com\/cs\/wp-json\/wp\/v2\/categories?post=8210"},{"taxonomy":"post_tag","embeddable":true,"href":"https:\/\/www.franzjosefkaiser.com\/cs\/wp-json\/wp\/v2\/tags?post=8210"}],"curies":[{"name":"wp","href":"https:\/\/api.w.org\/{rel}","templated":true}]}}