{"id":14051,"date":"2023-10-05T16:17:56","date_gmt":"2023-10-05T14:17:56","guid":{"rendered":"https:\/\/www.franzjosefkaiser.com\/egeszseges-e-a-tokehalmaj-es-kinek-kellene-fogyasztania\/"},"modified":"2024-01-08T15:32:49","modified_gmt":"2024-01-08T14:32:49","slug":"egeszseges-e-a-tokehalmaj-es-kinek-kellene-fogyasztania","status":"publish","type":"post","link":"https:\/\/www.franzjosefkaiser.com\/hu\/egeszseges-e-a-tokehalmaj-es-kinek-kellene-fogyasztania\/","title":{"rendered":"Eg\u00e9szs\u00e9ges-e a t\u0151kehalm\u00e1j? \u00c9s kinek kellene fogyasztania?"},"content":{"rendered":"<p><b>A t\u0151kehalm\u00e1j sz\u00e1mos el\u0151ny\u00f6s tulajdons\u00e1ggal rendelkez\u0151, nagyon eg\u00e9szs\u00e9ges \u00e9lelmiszer. A t\u0151kehalm\u00e1jolajat is nagyra \u00e9rt\u00e9kelik, mivel t\u00e1panyagokban gazdag, fogyaszt\u00e1sa nagy el\u0151ny\u00f6kkel j\u00e1r az eg\u00e9szs\u00e9g\u00fcnkre n\u00e9zve. Cikk\u00fcnkb\u0151l megtudhatja, mi\u00e9rt \u00e9s kinek \u00e9rdemes t\u0151kehalm\u00e1jat fogyasztani\u2026<\/b><\/p>\n<h2><b>T\u0151kehalm\u00e1jolaj \u00e9s az eg\u00e9szs\u00e9g<\/b><\/h2>\n<p><span style=\"font-weight: 400;\">A t\u0151kehalm\u00e1jolajat a <\/span><b>t\u0151kehal m\u00e1j\u00e1b\u00f3l<\/b><span style=\"font-weight: 400;\"> nyerik ki. Nem tartozik a halolaj fogalm\u00e1ba, mivel azokat m\u00e1s halak p\u00e9ld\u00e1ul tonhal, hering, szard\u00ednia vagy makr\u00e9la k\u00fcl\u00f6nb\u00f6z\u0151 r\u00e9szeib\u0151l nyerik ki. A t\u0151kehalm\u00e1j eg\u00e9szs\u00e9ges olajat tartalmaz, amelyet t\u00e1pl\u00e1l\u00e9kkieg\u00e9sz\u00edt\u0151k\u00e9nt is fogyaszthatjuk.<\/span><\/p>\n<p><span style=\"font-weight: 400;\">Tagadhatatlan el\u0151nyei k\u00f6z\u00e9 tartozik a magas Omega-3 zs\u00edrsav &#8211; \u00e9s a zs\u00edrban old\u00f3d\u00f3 vitaminok-, k\u00fcl\u00f6n\u00f6sen az A- \u00e9s D-vitamin-tartalma. Ez sz\u00e1mos eg\u00e9szs\u00e9g\u00fcgyi probl\u00e9ma megel\u0151z\u00e9s\u00e9ben \u00e9s kezel\u00e9s\u00e9ben seg\u00edt. Teh\u00e1t milyen el\u0151ny\u00f6kkel is j\u00e1r a t\u0151kehalm\u00e1j fogyaszt\u00e1sa?<\/span><\/p>\n<h2><b>Magas A-vitamin-tartalm\u00fa<\/b><\/h2>\n<p><span style=\"font-weight: 400;\">Nagy mennyis\u00e9gben tartalmaz A-vitamint, amely elengedhetetlen az eg\u00e9szs\u00e9ges l\u00e1t\u00e1s megtart\u00e1s\u00e1hoz, az eg\u00e9szs\u00e9ges b\u0151r fenntart\u00e1s\u00e1hoz, de a szervezet sz\u00e1mos m\u00e1s fontos \u00e9letfunkci\u00f3j\u00e1hoz is. Er\u0151s antioxid\u00e1ns \u00e9s gyullad\u00e1scs\u00f6kkent\u0151 hat\u00e1s\u00fa. Nagyszer\u0171en k\u00f6zrem\u0171k\u00f6dik a z\u00f6ldh\u00e1lyog \u00e9s a makuladegener\u00e1ci\u00f3 megel\u0151z\u00e9s\u00e9ben.<\/span><\/p>\n<p><span style=\"font-weight: 400;\">A t\u0151kehalm\u00e1j t\u00falzott fogyaszt\u00e1sa, magas A-vitamin-tartalma miatt, csak a terhess\u00e9g alatt nem javasolt, mivel k\u00e1ros\u00edthatja a magzatot.<\/span><\/p>\n<h2><b>Magas D-vitamin-tartalom<\/b><\/h2>\n<p><span style=\"font-weight: 400;\">A t\u0151kehalm\u00e1jolaj nagy mennyis\u00e9gben tartalmaz hasznos D-vitamint is, amelynek hi\u00e1ny\u00e1t k\u00fcl\u00f6n\u00f6sen t\u00e9len \u00e9rezz\u00fck meg. Tudjuk, hogy a D-vitamin n\u00e9lk\u00fcl\u00f6zhetetlen a csontok megfelel\u0151 fejl\u0151d\u00e9s\u00e9hez, fontos a gyermekekn\u00e9l az angolk\u00f3r megel\u0151z\u00e9s\u00e9ben, \u00e9s a menopauz\u00e1ban l\u00e9v\u0151 n\u0151knek is seg\u00edt a csontritkul\u00e1s lass\u00edt\u00e1s\u00e1ban.<\/span><\/p>\n<p><span style=\"font-weight: 400;\">A D-vitamin seg\u00edti el\u0151 a kalcium felsz\u00edv\u00f3d\u00e1s\u00e1t az \u00e9lelmiszerekb\u0151l, \u00e9s \u00edgy minden szempontb\u00f3l t\u00e1mogatja csontjaink eg\u00e9szs\u00e9g\u00e9t. A t\u0151kem\u00e1jolaj fogyaszt\u00e1sa gyakran eredm\u00e9nyezi az \u00edz\u00fcleti f\u00e1jdalmak enyh\u00fcl\u00e9s\u00e9t. Tanulm\u00e1nyok igazolt\u00e1k a reum\u00e1ra gyakorolt pozit\u00edv hat\u00e1s\u00e1t. J\u00f3t\u00e9konyan hat az immunrendszerre is, \u00e9s lehet\u0151v\u00e9 teszi a makacs fert\u0151z\u00e9sek lek\u00fczd\u00e9s\u00e9t.<\/span><\/p>\n<h2><b>Magas Omega-3 zs\u00edrsavtartalm\u00fa<\/b><\/h2>\n<p><span style=\"font-weight: 400;\">Az Omega-3 zs\u00edrsavak eg\u00e9szs\u00e9ges zs\u00edrok, amelyek term\u00e9szetes gyullad\u00e1scs\u00f6kkent\u0151 hat\u00e1ssal rendelkeznek, \u00e9s jelent\u0151sen cs\u00f6kkentik a sz\u00edv- \u00e9s \u00e9rrendszeri betegs\u00e9gek kock\u00e1zat\u00e1t. Cs\u00f6kkentik a v\u00e9rnyom\u00e1st \u00e9s a magas koleszterinszintet is. Tanulm\u00e1nyok azt is kimutatt\u00e1k, hogy az Omega-3 zs\u00edrsavak hi\u00e1nya, depresszi\u00f3s \u00e9s szorong\u00e1sos \u00e1llapotokat id\u00e9zhet el\u0151, jelenl\u00e9te felel\u0151s az \u00e1ltal\u00e1nos hangulat jav\u00edt\u00e1s\u00e1\u00e9rt.<\/span><\/p>\n<h2><b>Milyen eg\u00e9szs\u00e9g\u00fcgyi el\u0151nyei vannak a t\u0151kehalm\u00e1jnak?<\/b><\/h2>\n<p><span style=\"font-weight: 400;\">\u00d6sszefoglaljuk. A t\u0151kehalm\u00e1jolaj, illetve maga a<\/span><a class=\"docs-creator\" href=\"https:\/\/www.franzjosefkaiser.com\/hu\/produkty\/tokehalmaj-sajat-olajban-citrommal-115g\/\"> <span style=\"font-weight: 400;\">t\u0151kehalm\u00e1j<\/span><\/a><span style=\"font-weight: 400;\"> a k\u00f6vetkez\u0151 eg\u00e9szs\u00e9g\u00fcgyi el\u0151ny\u00f6kkel rendelkezik:<\/span><\/p>\n<ul>\n<li><span style=\"font-weight: 400;\"> &nbsp; &nbsp; &nbsp; <\/span><span style=\"font-weight: 400;\">J\u00f3t\u00e9konyan hat a szem\u00fcnk \u00e1ltal\u00e1nos eg\u00e9szs\u00e9g\u00e9re, jav\u00edtja l\u00e1t\u00e1sunkat,<\/span><\/li>\n<li><span style=\"font-weight: 400;\"> &nbsp; &nbsp; &nbsp; <\/span><span style=\"font-weight: 400;\">cs\u00f6kkenti a sz\u00edv- \u00e9s \u00e9rrendszeri betegs\u00e9gek kock\u00e1zat\u00e1t,<\/span><\/li>\n<li><span style=\"font-weight: 400;\"> &nbsp; &nbsp; &nbsp; <\/span><span style=\"font-weight: 400;\">gyullad\u00e1scs\u00f6kkent\u0151 hat\u00e1s\u00fa,<\/span><\/li>\n<li><span style=\"font-weight: 400;\"> &nbsp; &nbsp; &nbsp; <\/span><span style=\"font-weight: 400;\">t\u00e1mogatja immunit\u00e1sunk er\u0151ss\u00e9g\u00e9t,<\/span><\/li>\n<li><span style=\"font-weight: 400;\"> &nbsp; &nbsp; &nbsp; <\/span><span style=\"font-weight: 400;\">cs\u00f6kkenti az \u00edz\u00fcleti f\u00e1jdalmakat, v\u00e9di \u0151ket a k\u00e1rosod\u00e1st\u00f3l,<\/span><\/li>\n<li><span style=\"font-weight: 400;\"> &nbsp; &nbsp; &nbsp; <\/span><span style=\"font-weight: 400;\">el\u0151seg\u00edti a csontok eg\u00e9szs\u00e9g\u00e9t \u00e9s a kalcium felsz\u00edv\u00f3d\u00e1s\u00e1t,<\/span><\/li>\n<li><span style=\"font-weight: 400;\"> &nbsp; &nbsp; &nbsp; <\/span><span style=\"font-weight: 400;\">cs\u00f6kkenti a csontritkul\u00e1s kock\u00e1zat\u00e1t,<\/span><\/li>\n<li><span style=\"font-weight: 400;\"> &nbsp; &nbsp; &nbsp; <\/span><span style=\"font-weight: 400;\">seg\u00edt az autoimmun betegs\u00e9gek lek\u00fczd\u00e9s\u00e9ben,<\/span><\/li>\n<li><span style=\"font-weight: 400;\"> &nbsp; &nbsp; &nbsp; <\/span><span style=\"font-weight: 400;\">seg\u00edt a szorong\u00e1s \u00e9s a depresszi\u00f3 ellen<\/span><\/li>\n<li><span style=\"font-weight: 400;\"> &nbsp; &nbsp; &nbsp; <\/span><span style=\"font-weight: 400;\">gy\u00f3gy\u00edtja a gyomorfek\u00e9lyt \u00e9s a gyullad\u00e1sos b\u00e9lbetegs\u00e9geket<\/span><\/li>\n<\/ul>\n<h2><b>Kinek \u00e9rdemes t\u0151kehalm\u00e1jat fogyasztania?<\/b><\/h2>\n<p><a class=\"docs-creator\" href=\"https:\/\/www.franzjosefkaiser.com\/hu\/produkty\/tokehalmaj-sajat-olajban-baberlevellel-115g\/\"><span style=\"font-weight: 400;\">A t\u0151kehalm\u00e1j saj\u00e1t olaj\u00e1ban<\/span><\/a><span style=\"font-weight: 400;\"> fogyaszt\u00e1s\u00e1t javasoljuk gyermekeknek, di\u00e1kokoknak, sportol\u00f3knak, id\u0151seknek, menopauza el\u0151tti \u00e9s menopauz\u00e1ban l\u00e9v\u0151 n\u0151knek, t\u00fals\u00falyos embereknek. K\u00fcl\u00f6n\u00f6sen fontos a sz\u00edv- \u00e9s \u00e9rrendszeri betegs\u00e9gek, mint p\u00e9ld\u00e1ul az agyv\u00e9rz\u00e9s, a tromb\u00f3zis \u00e9s sz\u00edvroham kock\u00e1zat\u00e1nak kitett szem\u00e9lyek sz\u00e1m\u00e1ra.<\/span><\/p>\n<p><span style=\"font-weight: 400;\">A t\u0151kehalm\u00e1jolaj nagyon hasznos lehet minden autoimmun betegs\u00e9gben, Crohn-betegs\u00e9gben \u00e9s fek\u00e9lyes vastagb\u00e9lgyullad\u00e1sban szenved\u0151 betegnek, \u00e9telallergi\u00e1soknak, reum\u00e1ban vagy szkler\u00f3zis multiplexben szenved\u0151knek, valamint depresszi\u00f3ban \u00e9s szorong\u00e1sban szenved\u0151knek is.<\/span><\/p>\n<h2><b>Milyen mennyis\u00e9g\u0171 t\u0151kem\u00e1jolaj, napi bevitel, aj\u00e1nlott?<\/b><\/h2>\n<p><span style=\"font-weight: 400;\">A javasolt napi bevitel 1-2 te\u00e1skan\u00e1l t\u0151kem\u00e1jolaj. Ez az adag, a napi aj\u00e1nlott A-vitamin adagj\u00e1nak 90%-\u00e1t, a napi aj\u00e1nlott D-vitamin adagnak 113%-\u00e1t \u00e9s az Omega-3 zs\u00edrsavaknak napi aj\u00e1nlott adagj\u00e1nak 80%-\u00e1t tartalmazza.<\/span><\/p>\n","protected":false},"excerpt":{"rendered":"<p>A t\u0151kehalm\u00e1j sz\u00e1mos el\u0151ny\u00f6s tulajdons\u00e1ggal rendelkez\u0151, nagyon eg\u00e9szs\u00e9ges \u00e9lelmiszer. A t\u0151kehalm\u00e1jolajat is nagyra \u00e9rt\u00e9kelik, mivel t\u00e1panyagokban gazdag, fogyaszt\u00e1sa nagy el\u0151ny\u00f6kkel j\u00e1r az eg\u00e9szs\u00e9g\u00fcnkre n\u00e9zve. Cikk\u00fcnkb\u0151l megtudhatja, mi\u00e9rt \u00e9s kinek \u00e9rdemes t\u0151kehalm\u00e1jat fogyasztani\u2026 T\u0151kehalm\u00e1jolaj \u00e9s az eg\u00e9szs\u00e9g A t\u0151kehalm\u00e1jolajat a t\u0151kehal m\u00e1j\u00e1b\u00f3l nyerik ki. Nem tartozik a halolaj fogalm\u00e1ba, mivel azokat m\u00e1s halak p\u00e9ld\u00e1ul tonhal, hering, [&hellip;]<\/p>\n","protected":false},"author":4,"featured_media":0,"comment_status":"open","ping_status":"open","sticky":false,"template":"","format":"standard","meta":{"footnotes":""},"categories":[16],"tags":[],"class_list":["post-14051","post","type-post","status-publish","format-standard","hentry","category-tanacsok"],"acf":[],"yoast_head":"<!-- This site is optimized with the Yoast SEO plugin v27.0 - https:\/\/yoast.com\/product\/yoast-seo-wordpress\/ -->\n<title>Eg\u00e9szs\u00e9ges-e a t\u0151kehalm\u00e1j? \u00c9s kinek kellene fogyasztania? - FRANZ JOSEF KAISER<\/title>\n<meta name=\"description\" content=\"N\u00e9zze meg, milyen j\u00f3t\u00e9kony hat\u00e1ssal lehet a csukam\u00e1jolaj a szervezet\u00e9re. Amellett, hogy j\u00f3t\u00e9kony hat\u00e1ssal van az eg\u00e9szs\u00e9gre, biztosan \u00e9lvezni fogja.\" \/>\n<meta name=\"robots\" content=\"index, follow, max-snippet:-1, max-image-preview:large, max-video-preview:-1\" \/>\n<link rel=\"canonical\" href=\"https:\/\/www.franzjosefkaiser.com\/hu\/egeszseges-e-a-tokehalmaj-es-kinek-kellene-fogyasztania\/\" \/>\n<meta property=\"og:locale\" content=\"hu_HU\" \/>\n<meta property=\"og:type\" content=\"article\" \/>\n<meta property=\"og:title\" content=\"Eg\u00e9szs\u00e9ges-e a t\u0151kehalm\u00e1j? \u00c9s kinek kellene fogyasztania? - FRANZ JOSEF KAISER\" \/>\n<meta property=\"og:description\" content=\"N\u00e9zze meg, milyen j\u00f3t\u00e9kony hat\u00e1ssal lehet a csukam\u00e1jolaj a szervezet\u00e9re. Amellett, hogy j\u00f3t\u00e9kony hat\u00e1ssal van az eg\u00e9szs\u00e9gre, biztosan \u00e9lvezni fogja.\" \/>\n<meta property=\"og:url\" content=\"https:\/\/www.franzjosefkaiser.com\/hu\/egeszseges-e-a-tokehalmaj-es-kinek-kellene-fogyasztania\/\" \/>\n<meta property=\"og:site_name\" content=\"FRANZ JOSEF KAISER\" \/>\n<meta property=\"article:published_time\" content=\"2023-10-05T14:17:56+00:00\" \/>\n<meta property=\"article:modified_time\" content=\"2024-01-08T14:32:49+00:00\" \/>\n<meta property=\"og:image\" content=\"https:\/\/www.franzjosefkaiser.com\/wp-content\/uploads\/2022\/04\/fj-tresci-jatra-3x2_hires-1200x800.jpg\" \/>\n\t<meta property=\"og:image:width\" content=\"1200\" \/>\n\t<meta property=\"og:image:height\" content=\"1200\" \/>\n\t<meta property=\"og:image:type\" content=\"image\/jpeg\" \/>\n<meta name=\"author\" content=\"FRANZ JOSEF KAISER\" \/>\n<meta name=\"twitter:card\" content=\"summary_large_image\" \/>\n<meta name=\"twitter:image\" content=\"https:\/\/www.franzjosefkaiser.com\/wp-content\/uploads\/2022\/04\/fj-tresci-jatra-3x2_hires-1200x800.jpg\" \/>\n<meta name=\"twitter:label1\" content=\"Szerz\u0151:\" \/>\n\t<meta name=\"twitter:data1\" content=\"FRANZ JOSEF KAISER\" \/>\n\t<meta name=\"twitter:label2\" content=\"Becs\u00fclt olvas\u00e1si id\u0151\" \/>\n\t<meta name=\"twitter:data2\" content=\"3 perc\" \/>\n<script type=\"application\/ld+json\" class=\"yoast-schema-graph\">{\"@context\":\"https:\/\/schema.org\",\"@graph\":[{\"@type\":\"Article\",\"@id\":\"https:\/\/www.franzjosefkaiser.com\/hu\/egeszseges-e-a-tokehalmaj-es-kinek-kellene-fogyasztania\/#article\",\"isPartOf\":{\"@id\":\"https:\/\/www.franzjosefkaiser.com\/hu\/egeszseges-e-a-tokehalmaj-es-kinek-kellene-fogyasztania\/\"},\"author\":{\"name\":\"FRANZ JOSEF KAISER\",\"@id\":\"https:\/\/www.franzjosefkaiser.com\/hu\/#\/schema\/person\/93d860210b56e4becf13b918428c54cb\"},\"headline\":\"Eg\u00e9szs\u00e9ges-e a t\u0151kehalm\u00e1j? \u00c9s kinek kellene fogyasztania?\",\"datePublished\":\"2023-10-05T14:17:56+00:00\",\"dateModified\":\"2024-01-08T14:32:49+00:00\",\"mainEntityOfPage\":{\"@id\":\"https:\/\/www.franzjosefkaiser.com\/hu\/egeszseges-e-a-tokehalmaj-es-kinek-kellene-fogyasztania\/\"},\"wordCount\":869,\"commentCount\":0,\"publisher\":{\"@id\":\"https:\/\/www.franzjosefkaiser.com\/hu\/#organization\"},\"articleSection\":[\"Tan\u00e1csok\"],\"inLanguage\":\"hu\",\"potentialAction\":[{\"@type\":\"CommentAction\",\"name\":\"Comment\",\"target\":[\"https:\/\/www.franzjosefkaiser.com\/hu\/egeszseges-e-a-tokehalmaj-es-kinek-kellene-fogyasztania\/#respond\"]}]},{\"@type\":\"WebPage\",\"@id\":\"https:\/\/www.franzjosefkaiser.com\/hu\/egeszseges-e-a-tokehalmaj-es-kinek-kellene-fogyasztania\/\",\"url\":\"https:\/\/www.franzjosefkaiser.com\/hu\/egeszseges-e-a-tokehalmaj-es-kinek-kellene-fogyasztania\/\",\"name\":\"Eg\u00e9szs\u00e9ges-e a t\u0151kehalm\u00e1j? \u00c9s kinek kellene fogyasztania? - FRANZ JOSEF KAISER\",\"isPartOf\":{\"@id\":\"https:\/\/www.franzjosefkaiser.com\/hu\/#website\"},\"datePublished\":\"2023-10-05T14:17:56+00:00\",\"dateModified\":\"2024-01-08T14:32:49+00:00\",\"description\":\"N\u00e9zze meg, milyen j\u00f3t\u00e9kony hat\u00e1ssal lehet a csukam\u00e1jolaj a szervezet\u00e9re. Amellett, hogy j\u00f3t\u00e9kony hat\u00e1ssal van az eg\u00e9szs\u00e9gre, biztosan \u00e9lvezni fogja.\",\"breadcrumb\":{\"@id\":\"https:\/\/www.franzjosefkaiser.com\/hu\/egeszseges-e-a-tokehalmaj-es-kinek-kellene-fogyasztania\/#breadcrumb\"},\"inLanguage\":\"hu\",\"potentialAction\":[{\"@type\":\"ReadAction\",\"target\":[\"https:\/\/www.franzjosefkaiser.com\/hu\/egeszseges-e-a-tokehalmaj-es-kinek-kellene-fogyasztania\/\"]}]},{\"@type\":\"BreadcrumbList\",\"@id\":\"https:\/\/www.franzjosefkaiser.com\/hu\/egeszseges-e-a-tokehalmaj-es-kinek-kellene-fogyasztania\/#breadcrumb\",\"itemListElement\":[{\"@type\":\"ListItem\",\"position\":1,\"name\":\"Dom\u016f\",\"item\":\"https:\/\/www.franzjosefkaiser.com\/hu\/\"},{\"@type\":\"ListItem\",\"position\":2,\"name\":\"Eg\u00e9szs\u00e9ges-e a t\u0151kehalm\u00e1j? \u00c9s kinek kellene fogyasztania?\"}]},{\"@type\":\"WebSite\",\"@id\":\"https:\/\/www.franzjosefkaiser.com\/hu\/#website\",\"url\":\"https:\/\/www.franzjosefkaiser.com\/hu\/\",\"name\":\"FRANZ JOSEF KAISER\",\"description\":\"\",\"publisher\":{\"@id\":\"https:\/\/www.franzjosefkaiser.com\/hu\/#organization\"},\"potentialAction\":[{\"@type\":\"SearchAction\",\"target\":{\"@type\":\"EntryPoint\",\"urlTemplate\":\"https:\/\/www.franzjosefkaiser.com\/hu\/?s={search_term_string}\"},\"query-input\":{\"@type\":\"PropertyValueSpecification\",\"valueRequired\":true,\"valueName\":\"search_term_string\"}}],\"inLanguage\":\"hu\"},{\"@type\":\"Organization\",\"@id\":\"https:\/\/www.franzjosefkaiser.com\/hu\/#organization\",\"name\":\"GASTON, s.r.o.\",\"url\":\"https:\/\/www.franzjosefkaiser.com\/hu\/\",\"logo\":{\"@type\":\"ImageObject\",\"inLanguage\":\"hu\",\"@id\":\"https:\/\/www.franzjosefkaiser.com\/hu\/#\/schema\/logo\/image\/\",\"url\":\"https:\/\/www.franzjosefkaiser.com\/wp-content\/uploads\/2019\/10\/fj_logo.png\",\"contentUrl\":\"https:\/\/www.franzjosefkaiser.com\/wp-content\/uploads\/2019\/10\/fj_logo.png\",\"width\":770,\"height\":741,\"caption\":\"GASTON, s.r.o.\"},\"image\":{\"@id\":\"https:\/\/www.franzjosefkaiser.com\/hu\/#\/schema\/logo\/image\/\"}},{\"@type\":\"Person\",\"@id\":\"https:\/\/www.franzjosefkaiser.com\/hu\/#\/schema\/person\/93d860210b56e4becf13b918428c54cb\",\"name\":\"FRANZ JOSEF KAISER\",\"image\":{\"@type\":\"ImageObject\",\"inLanguage\":\"hu\",\"@id\":\"https:\/\/www.franzjosefkaiser.com\/hu\/#\/schema\/person\/image\/\",\"url\":\"https:\/\/secure.gravatar.com\/avatar\/c4d9406ef83c90e4349f88e9644c24948c0bbec428d3de93aa14bfa69b1e1be5?s=96&d=mm&r=g\",\"contentUrl\":\"https:\/\/secure.gravatar.com\/avatar\/c4d9406ef83c90e4349f88e9644c24948c0bbec428d3de93aa14bfa69b1e1be5?s=96&d=mm&r=g\",\"caption\":\"FRANZ JOSEF KAISER\"}}]}<\/script>\n<!-- \/ Yoast SEO plugin. -->","yoast_head_json":{"title":"Eg\u00e9szs\u00e9ges-e a t\u0151kehalm\u00e1j? \u00c9s kinek kellene fogyasztania? - FRANZ JOSEF KAISER","description":"N\u00e9zze meg, milyen j\u00f3t\u00e9kony hat\u00e1ssal lehet a csukam\u00e1jolaj a szervezet\u00e9re. Amellett, hogy j\u00f3t\u00e9kony hat\u00e1ssal van az eg\u00e9szs\u00e9gre, biztosan \u00e9lvezni fogja.","robots":{"index":"index","follow":"follow","max-snippet":"max-snippet:-1","max-image-preview":"max-image-preview:large","max-video-preview":"max-video-preview:-1"},"canonical":"https:\/\/www.franzjosefkaiser.com\/hu\/egeszseges-e-a-tokehalmaj-es-kinek-kellene-fogyasztania\/","og_locale":"hu_HU","og_type":"article","og_title":"Eg\u00e9szs\u00e9ges-e a t\u0151kehalm\u00e1j? \u00c9s kinek kellene fogyasztania? - FRANZ JOSEF KAISER","og_description":"N\u00e9zze meg, milyen j\u00f3t\u00e9kony hat\u00e1ssal lehet a csukam\u00e1jolaj a szervezet\u00e9re. Amellett, hogy j\u00f3t\u00e9kony hat\u00e1ssal van az eg\u00e9szs\u00e9gre, biztosan \u00e9lvezni fogja.","og_url":"https:\/\/www.franzjosefkaiser.com\/hu\/egeszseges-e-a-tokehalmaj-es-kinek-kellene-fogyasztania\/","og_site_name":"FRANZ JOSEF KAISER","article_published_time":"2023-10-05T14:17:56+00:00","article_modified_time":"2024-01-08T14:32:49+00:00","og_image":[{"width":1200,"height":1200,"url":"https:\/\/www.franzjosefkaiser.com\/wp-content\/uploads\/2022\/04\/fj-tresci-jatra-3x2_hires-1200x800.jpg","type":"image\/jpeg"}],"author":"FRANZ JOSEF KAISER","twitter_card":"summary_large_image","twitter_image":"https:\/\/www.franzjosefkaiser.com\/wp-content\/uploads\/2022\/04\/fj-tresci-jatra-3x2_hires-1200x800.jpg","twitter_misc":{"Szerz\u0151:":"FRANZ JOSEF KAISER","Becs\u00fclt olvas\u00e1si id\u0151":"3 perc"},"schema":{"@context":"https:\/\/schema.org","@graph":[{"@type":"Article","@id":"https:\/\/www.franzjosefkaiser.com\/hu\/egeszseges-e-a-tokehalmaj-es-kinek-kellene-fogyasztania\/#article","isPartOf":{"@id":"https:\/\/www.franzjosefkaiser.com\/hu\/egeszseges-e-a-tokehalmaj-es-kinek-kellene-fogyasztania\/"},"author":{"name":"FRANZ JOSEF KAISER","@id":"https:\/\/www.franzjosefkaiser.com\/hu\/#\/schema\/person\/93d860210b56e4becf13b918428c54cb"},"headline":"Eg\u00e9szs\u00e9ges-e a t\u0151kehalm\u00e1j? \u00c9s kinek kellene fogyasztania?","datePublished":"2023-10-05T14:17:56+00:00","dateModified":"2024-01-08T14:32:49+00:00","mainEntityOfPage":{"@id":"https:\/\/www.franzjosefkaiser.com\/hu\/egeszseges-e-a-tokehalmaj-es-kinek-kellene-fogyasztania\/"},"wordCount":869,"commentCount":0,"publisher":{"@id":"https:\/\/www.franzjosefkaiser.com\/hu\/#organization"},"articleSection":["Tan\u00e1csok"],"inLanguage":"hu","potentialAction":[{"@type":"CommentAction","name":"Comment","target":["https:\/\/www.franzjosefkaiser.com\/hu\/egeszseges-e-a-tokehalmaj-es-kinek-kellene-fogyasztania\/#respond"]}]},{"@type":"WebPage","@id":"https:\/\/www.franzjosefkaiser.com\/hu\/egeszseges-e-a-tokehalmaj-es-kinek-kellene-fogyasztania\/","url":"https:\/\/www.franzjosefkaiser.com\/hu\/egeszseges-e-a-tokehalmaj-es-kinek-kellene-fogyasztania\/","name":"Eg\u00e9szs\u00e9ges-e a t\u0151kehalm\u00e1j? \u00c9s kinek kellene fogyasztania? - FRANZ JOSEF KAISER","isPartOf":{"@id":"https:\/\/www.franzjosefkaiser.com\/hu\/#website"},"datePublished":"2023-10-05T14:17:56+00:00","dateModified":"2024-01-08T14:32:49+00:00","description":"N\u00e9zze meg, milyen j\u00f3t\u00e9kony hat\u00e1ssal lehet a csukam\u00e1jolaj a szervezet\u00e9re. Amellett, hogy j\u00f3t\u00e9kony hat\u00e1ssal van az eg\u00e9szs\u00e9gre, biztosan \u00e9lvezni fogja.","breadcrumb":{"@id":"https:\/\/www.franzjosefkaiser.com\/hu\/egeszseges-e-a-tokehalmaj-es-kinek-kellene-fogyasztania\/#breadcrumb"},"inLanguage":"hu","potentialAction":[{"@type":"ReadAction","target":["https:\/\/www.franzjosefkaiser.com\/hu\/egeszseges-e-a-tokehalmaj-es-kinek-kellene-fogyasztania\/"]}]},{"@type":"BreadcrumbList","@id":"https:\/\/www.franzjosefkaiser.com\/hu\/egeszseges-e-a-tokehalmaj-es-kinek-kellene-fogyasztania\/#breadcrumb","itemListElement":[{"@type":"ListItem","position":1,"name":"Dom\u016f","item":"https:\/\/www.franzjosefkaiser.com\/hu\/"},{"@type":"ListItem","position":2,"name":"Eg\u00e9szs\u00e9ges-e a t\u0151kehalm\u00e1j? \u00c9s kinek kellene fogyasztania?"}]},{"@type":"WebSite","@id":"https:\/\/www.franzjosefkaiser.com\/hu\/#website","url":"https:\/\/www.franzjosefkaiser.com\/hu\/","name":"FRANZ JOSEF KAISER","description":"","publisher":{"@id":"https:\/\/www.franzjosefkaiser.com\/hu\/#organization"},"potentialAction":[{"@type":"SearchAction","target":{"@type":"EntryPoint","urlTemplate":"https:\/\/www.franzjosefkaiser.com\/hu\/?s={search_term_string}"},"query-input":{"@type":"PropertyValueSpecification","valueRequired":true,"valueName":"search_term_string"}}],"inLanguage":"hu"},{"@type":"Organization","@id":"https:\/\/www.franzjosefkaiser.com\/hu\/#organization","name":"GASTON, s.r.o.","url":"https:\/\/www.franzjosefkaiser.com\/hu\/","logo":{"@type":"ImageObject","inLanguage":"hu","@id":"https:\/\/www.franzjosefkaiser.com\/hu\/#\/schema\/logo\/image\/","url":"https:\/\/www.franzjosefkaiser.com\/wp-content\/uploads\/2019\/10\/fj_logo.png","contentUrl":"https:\/\/www.franzjosefkaiser.com\/wp-content\/uploads\/2019\/10\/fj_logo.png","width":770,"height":741,"caption":"GASTON, s.r.o."},"image":{"@id":"https:\/\/www.franzjosefkaiser.com\/hu\/#\/schema\/logo\/image\/"}},{"@type":"Person","@id":"https:\/\/www.franzjosefkaiser.com\/hu\/#\/schema\/person\/93d860210b56e4becf13b918428c54cb","name":"FRANZ JOSEF KAISER","image":{"@type":"ImageObject","inLanguage":"hu","@id":"https:\/\/www.franzjosefkaiser.com\/hu\/#\/schema\/person\/image\/","url":"https:\/\/secure.gravatar.com\/avatar\/c4d9406ef83c90e4349f88e9644c24948c0bbec428d3de93aa14bfa69b1e1be5?s=96&d=mm&r=g","contentUrl":"https:\/\/secure.gravatar.com\/avatar\/c4d9406ef83c90e4349f88e9644c24948c0bbec428d3de93aa14bfa69b1e1be5?s=96&d=mm&r=g","caption":"FRANZ JOSEF KAISER"}}]}},"_links":{"self":[{"href":"https:\/\/www.franzjosefkaiser.com\/hu\/wp-json\/wp\/v2\/posts\/14051","targetHints":{"allow":["GET"]}}],"collection":[{"href":"https:\/\/www.franzjosefkaiser.com\/hu\/wp-json\/wp\/v2\/posts"}],"about":[{"href":"https:\/\/www.franzjosefkaiser.com\/hu\/wp-json\/wp\/v2\/types\/post"}],"author":[{"embeddable":true,"href":"https:\/\/www.franzjosefkaiser.com\/hu\/wp-json\/wp\/v2\/users\/4"}],"replies":[{"embeddable":true,"href":"https:\/\/www.franzjosefkaiser.com\/hu\/wp-json\/wp\/v2\/comments?post=14051"}],"version-history":[{"count":4,"href":"https:\/\/www.franzjosefkaiser.com\/hu\/wp-json\/wp\/v2\/posts\/14051\/revisions"}],"predecessor-version":[{"id":14424,"href":"https:\/\/www.franzjosefkaiser.com\/hu\/wp-json\/wp\/v2\/posts\/14051\/revisions\/14424"}],"wp:attachment":[{"href":"https:\/\/www.franzjosefkaiser.com\/hu\/wp-json\/wp\/v2\/media?parent=14051"}],"wp:term":[{"taxonomy":"category","embeddable":true,"href":"https:\/\/www.franzjosefkaiser.com\/hu\/wp-json\/wp\/v2\/categories?post=14051"},{"taxonomy":"post_tag","embeddable":true,"href":"https:\/\/www.franzjosefkaiser.com\/hu\/wp-json\/wp\/v2\/tags?post=14051"}],"curies":[{"name":"wp","href":"https:\/\/api.w.org\/{rel}","templated":true}]}}