{"id":14071,"date":"2023-10-18T08:41:47","date_gmt":"2023-10-18T06:41:47","guid":{"rendered":"https:\/\/www.franzjosefkaiser.com\/uleiul-de-dovleac-si-alte-condimente-in-bucataria-rece\/"},"modified":"2024-01-08T15:30:58","modified_gmt":"2024-01-08T14:30:58","slug":"uleiul-de-dovleac-si-alte-condimente-in-bucataria-rece","status":"publish","type":"post","link":"https:\/\/www.franzjosefkaiser.com\/ro\/uleiul-de-dovleac-si-alte-condimente-in-bucataria-rece\/","title":{"rendered":"Uleiul de dovleac \u0219i alte condimente \u00een buc\u0103t\u0103ria rece"},"content":{"rendered":"<p><b>Buc\u0103t\u0103ria rece are un loc inconfundabil \u00een multe sisteme alimentare. Nu toate alimentele trebuie preparate termic \u0219i nici nu este \u00eentotdeauna de dorit. Toate tipurile de uleiuri \u0219i o\u021beturi, f\u0103r\u0103 de care nici nu ne putem imagina meniul, sunt potrivite pentru condimentarea salatelor \u0219i a cremelor tartinabile preparate din ingrediente proaspete, care au un rol incontestabil \u00een cadrul buc\u0103t\u0103riei reci. Ce uleiuri \u0219i o\u021beturi sunt utilizate cel mai frecvent \u0219i ce beneficii pot avea asupra s\u0103n\u0103t\u0103\u021bii noastre?<\/b><\/p>\n<h2><b>Condimente pentru buc\u0103t\u0103ria rece<\/b><\/h2>\n<p><span style=\"font-weight: 400;\">Alimentele folosite \u00een buc\u0103t\u0103ria rece nu sunt de obicei preparate termic. Prin urmare, pot p\u0103stra toate beneficiile nutri\u021bionale originale \u0219i multe vitamine, care altfel sunt distruse prin g\u0103tit. <\/span><b>Cel mai adesea, alegem fructe \u0219i legume proaspete care con\u021bin multe fibre, vitamine \u0219i minerale. <\/b><span style=\"font-weight: 400;\">Acestea pot fi folosite pentru a preg\u0103ti salate excelente de fructe \u0219i legume, care adesea nu se pot prepara f\u0103r\u0103 ulei sau o\u021bet presat la rece.&nbsp;<\/span><\/p>\n<p><span style=\"font-weight: 400;\">Totu\u0219i, buc\u0103t\u0103ria rece poate fi \u00eembog\u0103\u021bit\u0103 \u0219i cu alimente preparate termic de ordin animal, de exemplu ou\u0103 fierte, carne, precum \u0219i conserve de pe\u0219te sau leguminoase fierte, care pot fi folosite pentru a preg\u0103ti creme tartinabile excelente sau bine cunoscutul hummus de n\u0103ut.&nbsp;<\/span><\/p>\n<p><b>Printre condimentele preferate \u00een buc\u0103t\u0103ria rece se num\u0103r\u0103 o\u021betul balsamic,<\/b><span style=\"font-weight: 400;\"> iar dintre uleiuri putem men\u021biona uleiul de m\u0103sline, de dovleac sau de cocos \u0219i multe altele. Le putem folosi pentru a preg\u0103ti diverse marinate, dresinguri \u0219i dipuri.&nbsp;<\/span><\/p>\n<h2><b>Uleiul de m\u0103sline ca ingredient fin \u00een salate<\/b><\/h2>\n<p><span style=\"font-weight: 400;\">Ingredientul cel mai frecvent \u00een salate, creme tartinabile \u0219i alte preparate din buc\u0103t\u0103ria rece este f\u0103r\u0103 \u00eendoial\u0103 uleiul de m\u0103sline virgin. Po\u021bi alege, de exemplu, <\/span><a class=\"docs-creator\" href=\"https:\/\/www.franzjosefkaiser.com\/ro\/produkty\/ulei-de-masline-extra-virgin-250ml\/\"><b>uleiul de m\u0103sline extravirgin marca Franz Josef Kaiser<\/b><\/a><span style=\"font-weight: 400;\">, care ofer\u0103 acest ulei \u00een mai multe variante de m\u0103rime, sau \u0219i \u00een <\/span><b>calitate bio<\/b><span style=\"font-weight: 400;\">. Uleiul este ob\u021binut direct din m\u0103sline prin procedee mecanice \u0219i \u00ee\u0219i men\u021bine calitatea \u00eenalt\u0103.&nbsp;<\/span><\/p>\n<p><span style=\"font-weight: 400;\">\u00cel vei aprecia \u00een salate sau creme tartinabile. <\/span><b>Gustul s\u0103u nu este la fel de pronun\u021bat ca, de exemplu, uleiul de dovleac, a\u0219a c\u0103 este potrivit pentru m\u00e2nc\u0103ruri \u00een care gustul puternic al uleiului nu este de dorit<\/b><span style=\"font-weight: 400;\">. Un sfat bun pentru utilizarea uleiului de m\u0103sline extravirgin poate fi, de exemplu, hummus din n\u0103ut, usturoi \u0219i past\u0103 de susan tahini, care se consum\u0103 sub form\u0103 de dip sau crem\u0103 tartinabil\u0103.&nbsp;<\/span><\/p>\n<h2><b>Ulei de dovleac pentru gurmanzi<\/b><\/h2>\n<p><span style=\"font-weight: 400;\">Unul din ingredientele solicitate \u00een buc\u0103t\u0103ria rece este uleiul de dovleac presat din semin\u021be de dovleac. Semin\u021bele de dovleac au fost de mult apreciate pentru con\u021binutul lor ridicat de zinc \u0219i recomandate b\u0103rba\u021bilor care au probleme cu prostat\u0103 m\u0103rit\u0103. <\/span><b>Semin\u021bele con\u021bin multe vitamine \u0219i minerale, cum ar fi vitamina A, vitaminele B, vitamina E, fier, fosfor, potasiu, zinc, mangan \u0219i seleniu. <\/b><span style=\"font-weight: 400;\">Po\u021bi recunoa\u0219te uleiul dup\u0103 culoarea tipic\u0103 verde \u00eenchis \u0219i dup\u0103 gustul \u0219i aroma distinctive. Con\u021bine mult\u0103 vitamina E \u0219i acizi gra\u0219i nesatura\u021bi, \u00een special acid linoleic.&nbsp;<\/span><\/p>\n<p><span style=\"font-weight: 400;\">Uleiul de dovleac, de exemplu <\/span><a class=\"docs-creator\" href=\"https:\/\/www.franzjosefkaiser.com\/ro\/produkty\/ulei-din-seminte-de-dovleac-250ml\/\"><b>Uleiul de dovleac 250 ml Franz Josef Kaiser<\/b><\/a><span style=\"font-weight: 400;\">, care este produs din semin\u021be de dovleac pr\u0103jite, poate fi folosit f\u0103r\u0103 team\u0103 \u00een orice salat\u0103 de legume sau crem\u0103 tartinabil\u0103 de leguminoase, are gust bun \u00een combina\u021bie cu m\u0103rar sau diverse br\u00e2nzeturi. Po\u021bi \u00eencerca \u0219i <\/span><b>re\u021beta de carpaccio de dovleac<\/b><span style=\"font-weight: 400;\">.&nbsp;<\/span><\/p>\n<h2><b>Uleiul de cocos nu doar \u00een preparate dulci<\/b><\/h2>\n<p><span style=\"font-weight: 400;\">Printre alte uleiuri folosite \u00een buc\u0103t\u0103ria rece apar adesea diverse uleiuri de nuci, de exemplu <\/span><a class=\"docs-creator\" href=\"https:\/\/www.franzjosefkaiser.com\/ro\/produkty\/ulei-de-nuci-250ml\/\"><b>uleiul de nuc\u0103<\/b><\/a><span style=\"font-weight: 400;\">, <\/span><b>uleiul de cocos<\/b><span style=\"font-weight: 400;\"> \u0219i <\/span><b>uleiul de in<\/b><span style=\"font-weight: 400;\">, care sunt oferite \u0219i de marca Franz Josef Kaiser. Se potrivesc bine \u00een m\u00e2nc\u0103ruri dulci, cum ar fi terci cu fructe proaspete. Dar utilizarea lor este cu adev\u0103rat versatil\u0103.&nbsp;<\/span><\/p>\n<h2><b>O\u021betul balsamic \u0219i utilizarea acestuia<\/b><\/h2>\n<p><span style=\"font-weight: 400;\">Din buc\u0103t\u0103ria rece nu pot lipsi diverse o\u021beturi, pe care ne place s\u0103 le ad\u0103ug\u0103m \u00een salate, creme tartinabile, dipuri \u0219i dresinguri sau marinate pentru carne sau orice altceva. <\/span><b>O\u021beturile folosite cel mai des sunt o\u021betul balsamic, o\u021betul de mere, o\u021betul de orez, o\u021betul de vin ro\u0219u \u0219i alb.&nbsp;<\/b><\/p>\n<p><span style=\"font-weight: 400;\">Fiecare o\u021bet se potrive\u0219te bine cu altceva, pentru buc\u0103t\u0103ria rece se potrive\u0219te cel mai bine o\u021betul de vin ro\u0219u, care este mai \u00een\u021bep\u0103tor, sau o\u021betul balsamic, de exemplu <\/span><a class=\"docs-creator\" href=\"https:\/\/www.franzjosefkaiser.com\/ro\/produkty\/otet-balsamic-de-modena-250ml\/\"><b>o\u021betul balsamic italian de Modena 250 ml Franz Josef Kaiser<\/b><\/a><span style=\"font-weight: 400;\">. De la acela\u0219i brand po\u021bi \u00eencerca \u0219i <\/span><b>glazur\u0103 cu o\u021bet balsamic cu arom\u0103 de smochine<\/b><span style=\"font-weight: 400;\">, care const\u0103 din o\u021bet balsamic \u00eembog\u0103\u021bit cu must de struguri \u0219i arom\u0103 de smochine. Este disponibil\u0103 \u0219i <\/span><b>glazura<\/b><span style=\"font-weight: 400;\"> simpl\u0103, f\u0103r\u0103 arom\u0103 de smochine.&nbsp;<\/span><\/p>\n<p><span style=\"font-weight: 400;\">O\u021betul balsamic fermenteaz\u0103 \u0219i c\u00e2\u021biva ani \u0219i este f\u0103cut din struguri. Practic, este vorba de sirop de struguri fermentat, cu alte cuvinte must. <\/span><b>Este o\u021betul cel mai c\u0103utat \u0219i mai popular, care poate fi folosit \u00een aproape orice fel de m\u00e2ncare<\/b><span style=\"font-weight: 400;\">. Po\u021bi preg\u0103ti pentru masa de pr\u00e2nz <\/span><b>o salat\u0103 gustoas\u0103 de cartofi cu ton \u0219i sfecl\u0103 ro\u0219ie<\/b><span style=\"font-weight: 400;\">, din care nu poate lipsi o\u021betul balsamic.<\/span><\/p>\n<p><span style=\"font-weight: 400;\">Fiecare o\u021bet este unic \u0219i are beneficii incontestabile pentru s\u0103n\u0103tate \u0219i o microflor\u0103 intestinal\u0103 s\u0103n\u0103toas\u0103. Alegerea o\u021betului \u0219i a uleiurilor \u00een buc\u0103t\u0103ria rece poate fi o experien\u021b\u0103 culinar\u0103 grozav\u0103, dar \u0219i experimentarea cu ingrediente interesante.&nbsp;<\/span><\/p>\n","protected":false},"excerpt":{"rendered":"<p>Buc\u0103t\u0103ria rece are un loc inconfundabil \u00een multe sisteme alimentare. Nu toate alimentele trebuie preparate termic \u0219i nici nu este \u00eentotdeauna de dorit. Toate tipurile de uleiuri \u0219i o\u021beturi, f\u0103r\u0103 de care nici nu ne putem imagina meniul, sunt potrivite pentru condimentarea salatelor \u0219i a cremelor tartinabile preparate din ingrediente proaspete, care au un rol [&hellip;]<\/p>\n","protected":false},"author":4,"featured_media":0,"comment_status":"open","ping_status":"open","sticky":false,"template":"","format":"standard","meta":{"footnotes":""},"categories":[17],"tags":[],"class_list":["post-14071","post","type-post","status-publish","format-standard","hentry","category-sfaturi"],"acf":[],"yoast_head":"<!-- This site is optimized with the Yoast SEO plugin v27.0 - https:\/\/yoast.com\/product\/yoast-seo-wordpress\/ -->\n<title>Uleiul de dovleac \u0219i alte condimente \u00een buc\u0103t\u0103ria rece - FRANZ JOSEF KAISER<\/title>\n<meta name=\"description\" content=\"Vede\u021bi cum v\u0103 pute\u021bi ridica salatele \u0219i tartinele la capodopere. Uleiurile \u0219i o\u021beturile pentru aromatizare pot fi g\u0103site pe site-ul nostru.\" \/>\n<meta name=\"robots\" content=\"index, follow, max-snippet:-1, max-image-preview:large, max-video-preview:-1\" \/>\n<link rel=\"canonical\" href=\"https:\/\/www.franzjosefkaiser.com\/ro\/uleiul-de-dovleac-si-alte-condimente-in-bucataria-rece\/\" \/>\n<meta property=\"og:locale\" content=\"ro_RO\" \/>\n<meta property=\"og:type\" content=\"article\" \/>\n<meta property=\"og:title\" content=\"Uleiul de dovleac \u0219i alte condimente \u00een buc\u0103t\u0103ria rece - FRANZ JOSEF KAISER\" \/>\n<meta property=\"og:description\" content=\"Vede\u021bi cum v\u0103 pute\u021bi ridica salatele \u0219i tartinele la capodopere. Uleiurile \u0219i o\u021beturile pentru aromatizare pot fi g\u0103site pe site-ul nostru.\" \/>\n<meta property=\"og:url\" content=\"https:\/\/www.franzjosefkaiser.com\/ro\/uleiul-de-dovleac-si-alte-condimente-in-bucataria-rece\/\" \/>\n<meta property=\"og:site_name\" content=\"FRANZ JOSEF KAISER\" \/>\n<meta property=\"article:published_time\" content=\"2023-10-18T06:41:47+00:00\" \/>\n<meta property=\"article:modified_time\" content=\"2024-01-08T14:30:58+00:00\" \/>\n<meta property=\"og:image\" content=\"https:\/\/www.franzjosefkaiser.com\/wp-content\/uploads\/2023\/10\/fj_q3-23_oleje_3x2_hires-1200x800.jpg\" \/>\n\t<meta property=\"og:image:width\" content=\"1200\" \/>\n\t<meta property=\"og:image:height\" content=\"1200\" \/>\n\t<meta property=\"og:image:type\" content=\"image\/jpeg\" \/>\n<meta name=\"author\" content=\"FRANZ JOSEF KAISER\" \/>\n<meta name=\"twitter:card\" content=\"summary_large_image\" \/>\n<meta name=\"twitter:image\" content=\"https:\/\/www.franzjosefkaiser.com\/wp-content\/uploads\/2023\/10\/fj_q3-23_oleje_3x2_hires-1200x800.jpg\" \/>\n<meta name=\"twitter:label1\" content=\"Scris de\" \/>\n\t<meta name=\"twitter:data1\" content=\"FRANZ JOSEF KAISER\" \/>\n\t<meta name=\"twitter:label2\" content=\"Timp estimat pentru citire\" \/>\n\t<meta name=\"twitter:data2\" content=\"5 minute\" \/>\n<script type=\"application\/ld+json\" class=\"yoast-schema-graph\">{\"@context\":\"https:\/\/schema.org\",\"@graph\":[{\"@type\":\"Article\",\"@id\":\"https:\/\/www.franzjosefkaiser.com\/ro\/uleiul-de-dovleac-si-alte-condimente-in-bucataria-rece\/#article\",\"isPartOf\":{\"@id\":\"https:\/\/www.franzjosefkaiser.com\/ro\/uleiul-de-dovleac-si-alte-condimente-in-bucataria-rece\/\"},\"author\":{\"name\":\"FRANZ JOSEF KAISER\",\"@id\":\"https:\/\/www.franzjosefkaiser.com\/ro\/#\/schema\/person\/93d860210b56e4becf13b918428c54cb\"},\"headline\":\"Uleiul de dovleac \u0219i alte condimente \u00een buc\u0103t\u0103ria rece\",\"datePublished\":\"2023-10-18T06:41:47+00:00\",\"dateModified\":\"2024-01-08T14:30:58+00:00\",\"mainEntityOfPage\":{\"@id\":\"https:\/\/www.franzjosefkaiser.com\/ro\/uleiul-de-dovleac-si-alte-condimente-in-bucataria-rece\/\"},\"wordCount\":956,\"commentCount\":0,\"publisher\":{\"@id\":\"https:\/\/www.franzjosefkaiser.com\/ro\/#organization\"},\"articleSection\":[\"Sfaturi\"],\"inLanguage\":\"ro-RO\",\"potentialAction\":[{\"@type\":\"CommentAction\",\"name\":\"Comment\",\"target\":[\"https:\/\/www.franzjosefkaiser.com\/ro\/uleiul-de-dovleac-si-alte-condimente-in-bucataria-rece\/#respond\"]}]},{\"@type\":\"WebPage\",\"@id\":\"https:\/\/www.franzjosefkaiser.com\/ro\/uleiul-de-dovleac-si-alte-condimente-in-bucataria-rece\/\",\"url\":\"https:\/\/www.franzjosefkaiser.com\/ro\/uleiul-de-dovleac-si-alte-condimente-in-bucataria-rece\/\",\"name\":\"Uleiul de dovleac \u0219i alte condimente \u00een buc\u0103t\u0103ria rece - FRANZ JOSEF KAISER\",\"isPartOf\":{\"@id\":\"https:\/\/www.franzjosefkaiser.com\/ro\/#website\"},\"datePublished\":\"2023-10-18T06:41:47+00:00\",\"dateModified\":\"2024-01-08T14:30:58+00:00\",\"description\":\"Vede\u021bi cum v\u0103 pute\u021bi ridica salatele \u0219i tartinele la capodopere. Uleiurile \u0219i o\u021beturile pentru aromatizare pot fi g\u0103site pe site-ul nostru.\",\"breadcrumb\":{\"@id\":\"https:\/\/www.franzjosefkaiser.com\/ro\/uleiul-de-dovleac-si-alte-condimente-in-bucataria-rece\/#breadcrumb\"},\"inLanguage\":\"ro-RO\",\"potentialAction\":[{\"@type\":\"ReadAction\",\"target\":[\"https:\/\/www.franzjosefkaiser.com\/ro\/uleiul-de-dovleac-si-alte-condimente-in-bucataria-rece\/\"]}]},{\"@type\":\"BreadcrumbList\",\"@id\":\"https:\/\/www.franzjosefkaiser.com\/ro\/uleiul-de-dovleac-si-alte-condimente-in-bucataria-rece\/#breadcrumb\",\"itemListElement\":[{\"@type\":\"ListItem\",\"position\":1,\"name\":\"Dom\u016f\",\"item\":\"https:\/\/www.franzjosefkaiser.com\/ro\/\"},{\"@type\":\"ListItem\",\"position\":2,\"name\":\"Uleiul de dovleac \u0219i alte condimente \u00een buc\u0103t\u0103ria rece\"}]},{\"@type\":\"WebSite\",\"@id\":\"https:\/\/www.franzjosefkaiser.com\/ro\/#website\",\"url\":\"https:\/\/www.franzjosefkaiser.com\/ro\/\",\"name\":\"FRANZ JOSEF KAISER\",\"description\":\"\",\"publisher\":{\"@id\":\"https:\/\/www.franzjosefkaiser.com\/ro\/#organization\"},\"potentialAction\":[{\"@type\":\"SearchAction\",\"target\":{\"@type\":\"EntryPoint\",\"urlTemplate\":\"https:\/\/www.franzjosefkaiser.com\/ro\/?s={search_term_string}\"},\"query-input\":{\"@type\":\"PropertyValueSpecification\",\"valueRequired\":true,\"valueName\":\"search_term_string\"}}],\"inLanguage\":\"ro-RO\"},{\"@type\":\"Organization\",\"@id\":\"https:\/\/www.franzjosefkaiser.com\/ro\/#organization\",\"name\":\"GASTON, s.r.o.\",\"url\":\"https:\/\/www.franzjosefkaiser.com\/ro\/\",\"logo\":{\"@type\":\"ImageObject\",\"inLanguage\":\"ro-RO\",\"@id\":\"https:\/\/www.franzjosefkaiser.com\/ro\/#\/schema\/logo\/image\/\",\"url\":\"https:\/\/www.franzjosefkaiser.com\/wp-content\/uploads\/2019\/10\/fj_logo.png\",\"contentUrl\":\"https:\/\/www.franzjosefkaiser.com\/wp-content\/uploads\/2019\/10\/fj_logo.png\",\"width\":770,\"height\":741,\"caption\":\"GASTON, s.r.o.\"},\"image\":{\"@id\":\"https:\/\/www.franzjosefkaiser.com\/ro\/#\/schema\/logo\/image\/\"}},{\"@type\":\"Person\",\"@id\":\"https:\/\/www.franzjosefkaiser.com\/ro\/#\/schema\/person\/93d860210b56e4becf13b918428c54cb\",\"name\":\"FRANZ JOSEF KAISER\",\"image\":{\"@type\":\"ImageObject\",\"inLanguage\":\"ro-RO\",\"@id\":\"https:\/\/www.franzjosefkaiser.com\/ro\/#\/schema\/person\/image\/\",\"url\":\"https:\/\/secure.gravatar.com\/avatar\/c4d9406ef83c90e4349f88e9644c24948c0bbec428d3de93aa14bfa69b1e1be5?s=96&d=mm&r=g\",\"contentUrl\":\"https:\/\/secure.gravatar.com\/avatar\/c4d9406ef83c90e4349f88e9644c24948c0bbec428d3de93aa14bfa69b1e1be5?s=96&d=mm&r=g\",\"caption\":\"FRANZ JOSEF KAISER\"}}]}<\/script>\n<!-- \/ Yoast SEO plugin. -->","yoast_head_json":{"title":"Uleiul de dovleac \u0219i alte condimente \u00een buc\u0103t\u0103ria rece - FRANZ JOSEF KAISER","description":"Vede\u021bi cum v\u0103 pute\u021bi ridica salatele \u0219i tartinele la capodopere. Uleiurile \u0219i o\u021beturile pentru aromatizare pot fi g\u0103site pe site-ul nostru.","robots":{"index":"index","follow":"follow","max-snippet":"max-snippet:-1","max-image-preview":"max-image-preview:large","max-video-preview":"max-video-preview:-1"},"canonical":"https:\/\/www.franzjosefkaiser.com\/ro\/uleiul-de-dovleac-si-alte-condimente-in-bucataria-rece\/","og_locale":"ro_RO","og_type":"article","og_title":"Uleiul de dovleac \u0219i alte condimente \u00een buc\u0103t\u0103ria rece - FRANZ JOSEF KAISER","og_description":"Vede\u021bi cum v\u0103 pute\u021bi ridica salatele \u0219i tartinele la capodopere. Uleiurile \u0219i o\u021beturile pentru aromatizare pot fi g\u0103site pe site-ul nostru.","og_url":"https:\/\/www.franzjosefkaiser.com\/ro\/uleiul-de-dovleac-si-alte-condimente-in-bucataria-rece\/","og_site_name":"FRANZ JOSEF KAISER","article_published_time":"2023-10-18T06:41:47+00:00","article_modified_time":"2024-01-08T14:30:58+00:00","og_image":[{"width":1200,"height":1200,"url":"https:\/\/www.franzjosefkaiser.com\/wp-content\/uploads\/2023\/10\/fj_q3-23_oleje_3x2_hires-1200x800.jpg","type":"image\/jpeg"}],"author":"FRANZ JOSEF KAISER","twitter_card":"summary_large_image","twitter_image":"https:\/\/www.franzjosefkaiser.com\/wp-content\/uploads\/2023\/10\/fj_q3-23_oleje_3x2_hires-1200x800.jpg","twitter_misc":{"Scris de":"FRANZ JOSEF KAISER","Timp estimat pentru citire":"5 minute"},"schema":{"@context":"https:\/\/schema.org","@graph":[{"@type":"Article","@id":"https:\/\/www.franzjosefkaiser.com\/ro\/uleiul-de-dovleac-si-alte-condimente-in-bucataria-rece\/#article","isPartOf":{"@id":"https:\/\/www.franzjosefkaiser.com\/ro\/uleiul-de-dovleac-si-alte-condimente-in-bucataria-rece\/"},"author":{"name":"FRANZ JOSEF KAISER","@id":"https:\/\/www.franzjosefkaiser.com\/ro\/#\/schema\/person\/93d860210b56e4becf13b918428c54cb"},"headline":"Uleiul de dovleac \u0219i alte condimente \u00een buc\u0103t\u0103ria rece","datePublished":"2023-10-18T06:41:47+00:00","dateModified":"2024-01-08T14:30:58+00:00","mainEntityOfPage":{"@id":"https:\/\/www.franzjosefkaiser.com\/ro\/uleiul-de-dovleac-si-alte-condimente-in-bucataria-rece\/"},"wordCount":956,"commentCount":0,"publisher":{"@id":"https:\/\/www.franzjosefkaiser.com\/ro\/#organization"},"articleSection":["Sfaturi"],"inLanguage":"ro-RO","potentialAction":[{"@type":"CommentAction","name":"Comment","target":["https:\/\/www.franzjosefkaiser.com\/ro\/uleiul-de-dovleac-si-alte-condimente-in-bucataria-rece\/#respond"]}]},{"@type":"WebPage","@id":"https:\/\/www.franzjosefkaiser.com\/ro\/uleiul-de-dovleac-si-alte-condimente-in-bucataria-rece\/","url":"https:\/\/www.franzjosefkaiser.com\/ro\/uleiul-de-dovleac-si-alte-condimente-in-bucataria-rece\/","name":"Uleiul de dovleac \u0219i alte condimente \u00een buc\u0103t\u0103ria rece - FRANZ JOSEF KAISER","isPartOf":{"@id":"https:\/\/www.franzjosefkaiser.com\/ro\/#website"},"datePublished":"2023-10-18T06:41:47+00:00","dateModified":"2024-01-08T14:30:58+00:00","description":"Vede\u021bi cum v\u0103 pute\u021bi ridica salatele \u0219i tartinele la capodopere. Uleiurile \u0219i o\u021beturile pentru aromatizare pot fi g\u0103site pe site-ul nostru.","breadcrumb":{"@id":"https:\/\/www.franzjosefkaiser.com\/ro\/uleiul-de-dovleac-si-alte-condimente-in-bucataria-rece\/#breadcrumb"},"inLanguage":"ro-RO","potentialAction":[{"@type":"ReadAction","target":["https:\/\/www.franzjosefkaiser.com\/ro\/uleiul-de-dovleac-si-alte-condimente-in-bucataria-rece\/"]}]},{"@type":"BreadcrumbList","@id":"https:\/\/www.franzjosefkaiser.com\/ro\/uleiul-de-dovleac-si-alte-condimente-in-bucataria-rece\/#breadcrumb","itemListElement":[{"@type":"ListItem","position":1,"name":"Dom\u016f","item":"https:\/\/www.franzjosefkaiser.com\/ro\/"},{"@type":"ListItem","position":2,"name":"Uleiul de dovleac \u0219i alte condimente \u00een buc\u0103t\u0103ria rece"}]},{"@type":"WebSite","@id":"https:\/\/www.franzjosefkaiser.com\/ro\/#website","url":"https:\/\/www.franzjosefkaiser.com\/ro\/","name":"FRANZ JOSEF KAISER","description":"","publisher":{"@id":"https:\/\/www.franzjosefkaiser.com\/ro\/#organization"},"potentialAction":[{"@type":"SearchAction","target":{"@type":"EntryPoint","urlTemplate":"https:\/\/www.franzjosefkaiser.com\/ro\/?s={search_term_string}"},"query-input":{"@type":"PropertyValueSpecification","valueRequired":true,"valueName":"search_term_string"}}],"inLanguage":"ro-RO"},{"@type":"Organization","@id":"https:\/\/www.franzjosefkaiser.com\/ro\/#organization","name":"GASTON, s.r.o.","url":"https:\/\/www.franzjosefkaiser.com\/ro\/","logo":{"@type":"ImageObject","inLanguage":"ro-RO","@id":"https:\/\/www.franzjosefkaiser.com\/ro\/#\/schema\/logo\/image\/","url":"https:\/\/www.franzjosefkaiser.com\/wp-content\/uploads\/2019\/10\/fj_logo.png","contentUrl":"https:\/\/www.franzjosefkaiser.com\/wp-content\/uploads\/2019\/10\/fj_logo.png","width":770,"height":741,"caption":"GASTON, s.r.o."},"image":{"@id":"https:\/\/www.franzjosefkaiser.com\/ro\/#\/schema\/logo\/image\/"}},{"@type":"Person","@id":"https:\/\/www.franzjosefkaiser.com\/ro\/#\/schema\/person\/93d860210b56e4becf13b918428c54cb","name":"FRANZ JOSEF KAISER","image":{"@type":"ImageObject","inLanguage":"ro-RO","@id":"https:\/\/www.franzjosefkaiser.com\/ro\/#\/schema\/person\/image\/","url":"https:\/\/secure.gravatar.com\/avatar\/c4d9406ef83c90e4349f88e9644c24948c0bbec428d3de93aa14bfa69b1e1be5?s=96&d=mm&r=g","contentUrl":"https:\/\/secure.gravatar.com\/avatar\/c4d9406ef83c90e4349f88e9644c24948c0bbec428d3de93aa14bfa69b1e1be5?s=96&d=mm&r=g","caption":"FRANZ JOSEF KAISER"}}]}},"_links":{"self":[{"href":"https:\/\/www.franzjosefkaiser.com\/ro\/wp-json\/wp\/v2\/posts\/14071","targetHints":{"allow":["GET"]}}],"collection":[{"href":"https:\/\/www.franzjosefkaiser.com\/ro\/wp-json\/wp\/v2\/posts"}],"about":[{"href":"https:\/\/www.franzjosefkaiser.com\/ro\/wp-json\/wp\/v2\/types\/post"}],"author":[{"embeddable":true,"href":"https:\/\/www.franzjosefkaiser.com\/ro\/wp-json\/wp\/v2\/users\/4"}],"replies":[{"embeddable":true,"href":"https:\/\/www.franzjosefkaiser.com\/ro\/wp-json\/wp\/v2\/comments?post=14071"}],"version-history":[{"count":4,"href":"https:\/\/www.franzjosefkaiser.com\/ro\/wp-json\/wp\/v2\/posts\/14071\/revisions"}],"predecessor-version":[{"id":14416,"href":"https:\/\/www.franzjosefkaiser.com\/ro\/wp-json\/wp\/v2\/posts\/14071\/revisions\/14416"}],"wp:attachment":[{"href":"https:\/\/www.franzjosefkaiser.com\/ro\/wp-json\/wp\/v2\/media?parent=14071"}],"wp:term":[{"taxonomy":"category","embeddable":true,"href":"https:\/\/www.franzjosefkaiser.com\/ro\/wp-json\/wp\/v2\/categories?post=14071"},{"taxonomy":"post_tag","embeddable":true,"href":"https:\/\/www.franzjosefkaiser.com\/ro\/wp-json\/wp\/v2\/tags?post=14071"}],"curies":[{"name":"wp","href":"https:\/\/api.w.org\/{rel}","templated":true}]}}