{"id":16991,"date":"2026-03-01T14:40:45","date_gmt":"2026-03-01T13:40:45","guid":{"rendered":"https:\/\/www.franzjosefkaiser.com\/franz-josef-kaiser-sa-neboji-zit-naplno\/"},"modified":"2026-03-10T09:09:06","modified_gmt":"2026-03-10T08:09:06","slug":"franz-josef-kaiser-sa-neboji-zit-naplno","status":"publish","type":"post","link":"https:\/\/www.franzjosefkaiser.com\/sk\/franz-josef-kaiser-sa-neboji-zit-naplno\/","title":{"rendered":"Franz Josef Kaiser sa neboj\u00ed \u017ei\u0165 naplno"},"content":{"rendered":"\n<p><\/p>\n\n\n\n<p>Produkty Franz Josef Kaiser chutia skvele, \u010di u\u017e pripravujete pohostenie pre zn\u00e1mych alebo potrebujete desiatu na v\u00fdlet na bicykli. Pokia\u013e ale prem\u00fd\u0161\u013eate nad hravej\u0161\u00edm spojen\u00edm chut\u00ed, m\u00e1me pre v\u00e1s ve\u013ea in\u0161pir\u00e1cie.<\/p>\n\n\n\n<p>Vitalita toti\u017e za\u010d\u00edna na tanieri \u2013 od odv\u00e1\u017enych kombin\u00e1ci\u00ed po kreat\u00edvne n\u00e1pady, ktor\u00e9 va\u0161e jedlo posun\u00fa na \u00faplne in\u00fa \u00farove\u0148\u2026 sta\u010d\u00ed si len tr\u00fafnu\u0165 a vysk\u00fa\u0161a\u0165 nie\u010do nov\u00e9.<\/p>\n\n\n\n<p>Objavujte, experimentujte a nechajte sa in\u0161pirova\u0165. S produktmi Franz Josef Kaiser to ide \u013eahko, \u010di u\u017e chcete len r\u00fdchlu chu\u0165ovku, alebo pokrm, ktor\u00fd zaujme ka\u017ed\u00e9ho pri stole.<\/p>\n\n\n\n<style>\r\n  .recipeslide .squarebox {\r\n    width: 150px;\r\n    height: 150px;\r\n    border-radius: 50%;\r\n    background-size: cover;\r\n    background-position: center;\r\n    margin: 0 auto 10px auto;\r\n    overflow: hidden;\r\n    position: relative;\r\n  }\r\n  .recipeslide .squarebox img {\r\n    display: none; \/* skryjeme img tag, pou\u017e\u00edv\u00e1me background-image *\/\r\n  }\r\n  .recipeslide .table-cell {\r\n    text-align: center;\r\n    font-weight: 600;\r\n    font-size: 16px;\r\n    color: #333;\r\n  }\r\n  .owl-carousel .owl-item {\r\n    width: 220px !important; \/* uprav \u0161\u00ed\u0159ku dle pot\u0159eby *\/\r\n    margin-right: 30px !important;\r\n  }\r\n  .owl-carousel .owl-nav button {\r\n    background: #ccc;\r\n    border-radius: 50%;\r\n    width: 35px;\r\n    height: 35px;\r\n    border: none;\r\n  }\r\n  .owl-carousel .owl-dots button.owl-dot span {\r\n    background: #ccc;\r\n  }\r\n  .owl-carousel .owl-dots button.owl-dot.active span {\r\n    background: #333;\r\n  }\r\n<\/style>\r\n\r\n<div class=\"container-fluid product recipeslide no-back\">\r\n  <div class=\"container\">\r\n    <div class=\"row\">\r\n      <div class=\"col-md-12\">\r\n        <h2 class=\"align-center\">RECEPTY<\/h2>\r\n      <\/div>\r\n    <\/div>\r\n\r\n    <div class=\"row\">\r\n      <div class=\"owl-carousel owl-loaded owl-drag\">\r\n        <div class=\"owl-stage-outer\">\r\n          <div class=\"owl-stage\" style=\"width: auto; display: flex;\">\r\n\r\n            <!-- Recept 1 -->\r\n            <div class=\"owl-item\">\r\n              <a href=\"https:\/\/www.franzjosefkaiser.com\/sk\/recepty\/quesadilla-s-tuniakom-a-olivami\/\">\r\n                <div class=\"squarebox\" style=\"background-image: url('https:\/\/www.franzjosefkaiser.com\/wp-content\/uploads\/2025\/08\/DSC08572-1-600x600.jpg');\"><\/div>\r\n                <div class=\"table-cell\">Quesadilla s tuniakom a olivami<\/div>\r\n              <\/a>\r\n            <\/div>\r\n\r\n            <!-- Recept 2 -->\r\n            <div class=\"owl-item\">\r\n              <a href=\"https:\/\/www.franzjosefkaiser.com\/sk\/recepty\/marinovane-minimozzarelly-s-olivami-kalamata\/\">\r\n                <div class=\"squarebox\" style=\"background-image: url('https:\/\/www.franzjosefkaiser.com\/wp-content\/uploads\/2025\/07\/DSC08626-1-600x600.jpg');\"><\/div>\r\n                <div class=\"table-cell\">Marinovan\u00e9 minimozzarelly s olivami kalamata<\/div>\r\n              <\/a>\r\n            <\/div>\r\n\r\n            <!-- Recept 3 -->\r\n            <div class=\"owl-item\">\r\n              <a href=\"https:\/\/www.franzjosefkaiser.com\/sk\/recepty\/avokadovo-tuniakovy-salat-s-uhorkou\/\">\r\n                <div class=\"squarebox\" style=\"background-image: url('https:\/\/www.franzjosefkaiser.com\/wp-content\/uploads\/2025\/06\/DSC08607-1-600x600.jpg');\"><\/div>\r\n                <div class=\"table-cell\">Avok\u00e1dovo-tuniakov\u00fd \u0161al\u00e1t s uhorkou<\/div>\r\n              <\/a>\r\n            <\/div>\r\n\r\n            <!-- Recept 4 -->\r\n            <div class=\"owl-item\">\r\n              <a href=\"https:\/\/www.franzjosefkaiser.com\/sk\/recepty\/salatove-wrapy-s-bulgurom-a-tuniakom\/\">\r\n                <div class=\"squarebox\" style=\"background-image: url('https:\/\/www.franzjosefkaiser.com\/wp-content\/uploads\/2025\/05\/DSC08589-600x600.jpg');\"><\/div>\r\n                <div class=\"table-cell\">\u0160al\u00e1tov\u00e9 wrapy s bulgurom a tuniakom<\/div>\r\n              <\/a>\r\n            <\/div>\r\n\r\n            <!-- Recept 5 -->\r\n            <div class=\"owl-item\">\r\n              <a href=\"https:\/\/www.franzjosefkaiser.com\/sk\/recepty\/tuniakove-enchiladas-s-omackou-arrabbiata\/\">\r\n                <div class=\"squarebox\" style=\"background-image: url('https:\/\/www.franzjosefkaiser.com\/wp-content\/uploads\/2025\/03\/DSC02311-600x600.jpg');\"><\/div>\r\n                <div class=\"table-cell\">Tuniakov\u00e9 enchiladas s om\u00e1\u010dkou arrabbiata<\/div>\r\n              <\/a>\r\n            <\/div>\r\n\r\n            <!-- Recept 6 -->\r\n            <div class=\"owl-item\">\r\n              <a href=\"https:\/\/www.franzjosefkaiser.com\/sk\/recepty\/spagety-s-tekvicovou-omackou\/\">\r\n                <div class=\"squarebox\" style=\"background-image: url('https:\/\/www.franzjosefkaiser.com\/wp-content\/uploads\/2025\/10\/Copy-of-DSC01765-600x600.jpg');\"><\/div>\r\n                <div class=\"table-cell\">\u0160pagety s tekvicovou om\u00e1\u010dkou<\/div>\r\n              <\/a>\r\n            <\/div>\r\n\r\n            <!-- Recept 7 -->\r\n            <div class=\"owl-item\">\r\n              <a href=\"https:\/\/www.franzjosefkaiser.com\/sk\/recepty\/lososovy-tatarak\/\">\r\n                <div class=\"squarebox\" style=\"background-image: url('https:\/\/www.franzjosefkaiser.com\/wp-content\/uploads\/2025\/02\/DSC02277-scaled.jpg');\"><\/div>\r\n                <div class=\"table-cell\">Lososov\u00fd tatar\u00e1k<\/div>\r\n              <\/a>\r\n            <\/div>\r\n\r\n            <!-- Recept 8 -->\r\n            <div class=\"owl-item\">\r\n              <a href=\"https:\/\/www.franzjosefkaiser.com\/sk\/recepty\/tuniakove-karbonatky-s-fetou\/\">\r\n                <div class=\"squarebox\" style=\"background-image: url('https:\/\/www.franzjosefkaiser.com\/wp-content\/uploads\/2025\/09\/Copy-of-DSC01739-scaled.jpg');\"><\/div>\r\n                <div class=\"table-cell\">Tuniakov\u00e9 karbon\u00e1tky s fetou<\/div>\r\n              <\/a>\r\n            <\/div>\r\n\r\n            <!-- Recept 9 -->\r\n            <div class=\"owl-item\">\r\n              <a href=\"https:\/\/www.franzjosefkaiser.com\/sk\/recepty\/cestoviny-s-avokadovou-omackou-a-udenym-lososom\/\">\r\n                <div class=\"squarebox\" style=\"background-image: url('https:\/\/www.franzjosefkaiser.com\/wp-content\/uploads\/2025\/03\/DSC02319-scaled.jpg');\"><\/div>\r\n                <div class=\"table-cell\">Cestoviny s avok\u00e1dovou om\u00e1\u010dkou a \u00faden\u00fdm lososom<\/div>\r\n              <\/a>\r\n            <\/div>\r\n\r\n            <!-- Recept 10 -->\r\n            <div class=\"owl-item\">\r\n              <a href=\"https:\/\/www.franzjosefkaiser.com\/sk\/recepty\/croissant-plneny-tuniakom-a-vajcami\/\">\r\n                <div class=\"squarebox\" style=\"background-image: url('https:\/\/www.franzjosefkaiser.com\/wp-content\/uploads\/2025\/01\/DSC02280-scaled.jpg');\"><\/div>\r\n                <div class=\"table-cell\">Croissant plnen\u00fd tuniakom a vajcami<\/div>\r\n              <\/a>\r\n            <\/div>\r\n\r\n            <!-- Recept 11 -->\r\n            <div class=\"owl-item\">\r\n              <a href=\"https:\/\/www.franzjosefkaiser.com\/sk\/recepty\/zemiaky-na-buchacku\/\">\r\n                <div class=\"squarebox\" style=\"background-image: url('https:\/\/www.franzjosefkaiser.com\/wp-content\/uploads\/2024\/10\/DSC05369-scaled.jpg');\"><\/div>\r\n                <div class=\"table-cell\">Zemiaky na b\u00facha\u010dku<\/div>\r\n              <\/a>\r\n            <\/div>\r\n\r\n            <!-- Recept 12 -->\r\n            <div class=\"owl-item\">\r\n              <a href=\"https:\/\/www.franzjosefkaiser.com\/sk\/recepty\/bruschetty-s-paradajkami-a-tuniakom\/\">\r\n                <div class=\"squarebox\" style=\"background-image: url('https:\/\/www.franzjosefkaiser.com\/wp-content\/uploads\/2024\/08\/DSC05344-scaled.jpg');\"><\/div>\r\n                <div class=\"table-cell\">Bruschetty s paradajkami a tuniakom<\/div>\r\n              <\/a>\r\n            <\/div>\r\n\r\n            <!-- Recept 13 -->\r\n            <div class=\"owl-item\">\r\n              <a href=\"https:\/\/www.franzjosefkaiser.com\/sk\/recepty\/tacos-s-paprikami-a-tuniakom\/\">\r\n                <div class=\"squarebox\" style=\"background-image: url('https:\/\/www.franzjosefkaiser.com\/wp-content\/uploads\/2024\/06\/DSC05287-scaled.jpg');\"><\/div>\r\n                <div class=\"table-cell\">Tacos s paprikami a tuniakom<\/div>\r\n              <\/a>\r\n            <\/div>\r\n\r\n            <!-- Recept 14 -->\r\n            <div class=\"owl-item\">\r\n              <a href=\"https:\/\/www.franzjosefkaiser.com\/sk\/recepty\/morcacie-gulicky-s-olivami-v-paradajkovej-omacke\/\">\r\n                <div class=\"squarebox\" style=\"background-image: url('https:\/\/www.franzjosefkaiser.com\/wp-content\/uploads\/2024\/04\/flatlay-masove\u0301-kulic\u030cky-bez-odlesku-nahled.jpg');\"><\/div>\r\n                <div class=\"table-cell\">Mor\u010dacie guli\u010dky s olivami v paradajkovej om\u00e1\u010dke<\/div>\r\n              <\/a>\r\n            <\/div>\r\n\r\n          <\/div>\r\n        <\/div>\r\n\r\n        <div class=\"owl-nav\">\r\n          <button type=\"button\" role=\"presentation\" class=\"owl-prev\"><\/button>\r\n          <button type=\"button\" role=\"presentation\" class=\"owl-next\"><\/button>\r\n        <\/div>\r\n\r\n        <div class=\"owl-dots\">\r\n          <button role=\"button\" class=\"owl-dot active\"><span><\/span><\/button>\r\n          <button role=\"button\" class=\"owl-dot\"><span><\/span><\/button>\r\n          <button role=\"button\" class=\"owl-dot\"><span><\/span><\/button>\r\n        <\/div>\r\n\r\n      <\/div>\r\n    <\/div>\r\n  <\/div>\r\n<\/div>\n\n\n\n<figure class=\"wp-block-embed is-type-video is-provider-youtube wp-block-embed-youtube wp-embed-aspect-16-9 wp-has-aspect-ratio\"><div class=\"wp-block-embed__wrapper\">\n<iframe loading=\"lazy\" title=\"Franz Josef Kaiser sa neboj\u00ed \u017ei\u0165 naplno. Na\u0161a nov\u00e1 kampa\u0148 je na svete, ako sa v\u00e1m p\u00e1\u010di?\" width=\"500\" height=\"281\" src=\"https:\/\/www.youtube.com\/embed\/KVflqQ-tFiU?feature=oembed\" frameborder=\"0\" allow=\"accelerometer; autoplay; clipboard-write; encrypted-media; gyroscope; picture-in-picture; web-share\" referrerpolicy=\"strict-origin-when-cross-origin\" allowfullscreen><\/iframe>\n<\/div><\/figure>\n","protected":false},"excerpt":{"rendered":"<p>Produkty Franz Josef Kaiser chutia skvele, \u010di u\u017e pripravujete pohostenie pre zn\u00e1mych alebo potrebujete desiatu na v\u00fdlet na bicykli. Pokia\u013e ale prem\u00fd\u0161\u013eate nad hravej\u0161\u00edm spojen\u00edm chut\u00ed, m\u00e1me pre v\u00e1s ve\u013ea in\u0161pir\u00e1cie. Vitalita toti\u017e za\u010d\u00edna na tanieri \u2013 od odv\u00e1\u017enych kombin\u00e1ci\u00ed po kreat\u00edvne n\u00e1pady, ktor\u00e9 va\u0161e jedlo posun\u00fa na \u00faplne in\u00fa \u00farove\u0148\u2026 sta\u010d\u00ed si len tr\u00fafnu\u0165 [&hellip;]<\/p>\n","protected":false},"author":4,"featured_media":0,"comment_status":"open","ping_status":"open","sticky":false,"template":"","format":"standard","meta":{"footnotes":""},"categories":[349],"tags":[],"class_list":["post-16991","post","type-post","status-publish","format-standard","hentry","category-zdravie-a-vyziva"],"acf":[],"yoast_head":"<!-- This site is optimized with the Yoast SEO plugin v27.0 - https:\/\/yoast.com\/product\/yoast-seo-wordpress\/ -->\n<title>Franz Josef Kaiser sa neboj\u00ed \u017ei\u0165 naplno - FRANZ JOSEF KAISER<\/title>\n<meta name=\"description\" content=\"Produkty Franz Josef Kaiser chutia skvele, \u010di u\u017e pripravujete pohostenie pre zn\u00e1mych alebo potrebujete desiatu na v\u00fdlet na bicykli.\" \/>\n<meta name=\"robots\" content=\"index, follow, max-snippet:-1, max-image-preview:large, max-video-preview:-1\" \/>\n<link rel=\"canonical\" href=\"https:\/\/www.franzjosefkaiser.com\/sk\/franz-josef-kaiser-sa-neboji-zit-naplno\/\" \/>\n<meta property=\"og:locale\" content=\"sk_SK\" \/>\n<meta property=\"og:type\" content=\"article\" \/>\n<meta property=\"og:title\" content=\"Franz Josef Kaiser sa neboj\u00ed \u017ei\u0165 naplno - FRANZ JOSEF KAISER\" \/>\n<meta property=\"og:description\" content=\"Produkty Franz Josef Kaiser chutia skvele, \u010di u\u017e pripravujete pohostenie pre zn\u00e1mych alebo potrebujete desiatu na v\u00fdlet na bicykli.\" \/>\n<meta property=\"og:url\" content=\"https:\/\/www.franzjosefkaiser.com\/sk\/franz-josef-kaiser-sa-neboji-zit-naplno\/\" \/>\n<meta property=\"og:site_name\" content=\"FRANZ JOSEF KAISER\" \/>\n<meta property=\"article:published_time\" content=\"2026-03-01T13:40:45+00:00\" \/>\n<meta property=\"article:modified_time\" content=\"2026-03-10T08:09:06+00:00\" \/>\n<meta property=\"og:image\" content=\"https:\/\/www.franzjosefkaiser.com\/wp-content\/uploads\/2026\/03\/BB_SK_kolo_web_3.jpg\" \/>\n\t<meta property=\"og:image:width\" content=\"1200\" \/>\n\t<meta property=\"og:image:height\" content=\"1200\" \/>\n\t<meta property=\"og:image:type\" content=\"image\/jpeg\" \/>\n<meta name=\"author\" content=\"FRANZ JOSEF KAISER\" \/>\n<meta name=\"twitter:card\" content=\"summary_large_image\" \/>\n<meta name=\"twitter:image\" content=\"https:\/\/www.franzjosefkaiser.com\/wp-content\/uploads\/2026\/03\/BB_SK_kolo_web_3.jpg\" \/>\n<meta name=\"twitter:label1\" content=\"Autor\" \/>\n\t<meta name=\"twitter:data1\" content=\"FRANZ JOSEF KAISER\" \/>\n\t<meta name=\"twitter:label2\" content=\"Predpokladan\u00fd \u010das \u010d\u00edtania\" \/>\n\t<meta name=\"twitter:data2\" content=\"1 min\u00fata\" \/>\n<script type=\"application\/ld+json\" class=\"yoast-schema-graph\">{\"@context\":\"https:\/\/schema.org\",\"@graph\":[{\"@type\":\"Article\",\"@id\":\"https:\/\/www.franzjosefkaiser.com\/sk\/franz-josef-kaiser-sa-neboji-zit-naplno\/#article\",\"isPartOf\":{\"@id\":\"https:\/\/www.franzjosefkaiser.com\/sk\/franz-josef-kaiser-sa-neboji-zit-naplno\/\"},\"author\":{\"name\":\"FRANZ JOSEF KAISER\",\"@id\":\"https:\/\/www.franzjosefkaiser.com\/sk\/#\/schema\/person\/93d860210b56e4becf13b918428c54cb\"},\"headline\":\"Franz Josef Kaiser sa neboj\u00ed \u017ei\u0165 naplno\",\"datePublished\":\"2026-03-01T13:40:45+00:00\",\"dateModified\":\"2026-03-10T08:09:06+00:00\",\"mainEntityOfPage\":{\"@id\":\"https:\/\/www.franzjosefkaiser.com\/sk\/franz-josef-kaiser-sa-neboji-zit-naplno\/\"},\"wordCount\":206,\"commentCount\":0,\"publisher\":{\"@id\":\"https:\/\/www.franzjosefkaiser.com\/sk\/#organization\"},\"articleSection\":[\"Zdravie a v\u00fd\u017eiva\"],\"inLanguage\":\"sk-SK\",\"potentialAction\":[{\"@type\":\"CommentAction\",\"name\":\"Comment\",\"target\":[\"https:\/\/www.franzjosefkaiser.com\/sk\/franz-josef-kaiser-sa-neboji-zit-naplno\/#respond\"]}]},{\"@type\":\"WebPage\",\"@id\":\"https:\/\/www.franzjosefkaiser.com\/sk\/franz-josef-kaiser-sa-neboji-zit-naplno\/\",\"url\":\"https:\/\/www.franzjosefkaiser.com\/sk\/franz-josef-kaiser-sa-neboji-zit-naplno\/\",\"name\":\"Franz Josef Kaiser sa neboj\u00ed \u017ei\u0165 naplno - FRANZ JOSEF KAISER\",\"isPartOf\":{\"@id\":\"https:\/\/www.franzjosefkaiser.com\/sk\/#website\"},\"datePublished\":\"2026-03-01T13:40:45+00:00\",\"dateModified\":\"2026-03-10T08:09:06+00:00\",\"description\":\"Produkty Franz Josef Kaiser chutia skvele, \u010di u\u017e pripravujete pohostenie pre zn\u00e1mych alebo potrebujete desiatu na v\u00fdlet na bicykli.\",\"breadcrumb\":{\"@id\":\"https:\/\/www.franzjosefkaiser.com\/sk\/franz-josef-kaiser-sa-neboji-zit-naplno\/#breadcrumb\"},\"inLanguage\":\"sk-SK\",\"potentialAction\":[{\"@type\":\"ReadAction\",\"target\":[\"https:\/\/www.franzjosefkaiser.com\/sk\/franz-josef-kaiser-sa-neboji-zit-naplno\/\"]}]},{\"@type\":\"BreadcrumbList\",\"@id\":\"https:\/\/www.franzjosefkaiser.com\/sk\/franz-josef-kaiser-sa-neboji-zit-naplno\/#breadcrumb\",\"itemListElement\":[{\"@type\":\"ListItem\",\"position\":1,\"name\":\"Dom\u016f\",\"item\":\"https:\/\/www.franzjosefkaiser.com\/sk\/\"},{\"@type\":\"ListItem\",\"position\":2,\"name\":\"Franz Josef Kaiser sa neboj\u00ed \u017ei\u0165 naplno\"}]},{\"@type\":\"WebSite\",\"@id\":\"https:\/\/www.franzjosefkaiser.com\/sk\/#website\",\"url\":\"https:\/\/www.franzjosefkaiser.com\/sk\/\",\"name\":\"FRANZ JOSEF KAISER\",\"description\":\"\",\"publisher\":{\"@id\":\"https:\/\/www.franzjosefkaiser.com\/sk\/#organization\"},\"potentialAction\":[{\"@type\":\"SearchAction\",\"target\":{\"@type\":\"EntryPoint\",\"urlTemplate\":\"https:\/\/www.franzjosefkaiser.com\/sk\/?s={search_term_string}\"},\"query-input\":{\"@type\":\"PropertyValueSpecification\",\"valueRequired\":true,\"valueName\":\"search_term_string\"}}],\"inLanguage\":\"sk-SK\"},{\"@type\":\"Organization\",\"@id\":\"https:\/\/www.franzjosefkaiser.com\/sk\/#organization\",\"name\":\"GASTON, s.r.o.\",\"url\":\"https:\/\/www.franzjosefkaiser.com\/sk\/\",\"logo\":{\"@type\":\"ImageObject\",\"inLanguage\":\"sk-SK\",\"@id\":\"https:\/\/www.franzjosefkaiser.com\/sk\/#\/schema\/logo\/image\/\",\"url\":\"https:\/\/www.franzjosefkaiser.com\/wp-content\/uploads\/2019\/10\/fj_logo.png\",\"contentUrl\":\"https:\/\/www.franzjosefkaiser.com\/wp-content\/uploads\/2019\/10\/fj_logo.png\",\"width\":770,\"height\":741,\"caption\":\"GASTON, s.r.o.\"},\"image\":{\"@id\":\"https:\/\/www.franzjosefkaiser.com\/sk\/#\/schema\/logo\/image\/\"}},{\"@type\":\"Person\",\"@id\":\"https:\/\/www.franzjosefkaiser.com\/sk\/#\/schema\/person\/93d860210b56e4becf13b918428c54cb\",\"name\":\"FRANZ JOSEF KAISER\",\"image\":{\"@type\":\"ImageObject\",\"inLanguage\":\"sk-SK\",\"@id\":\"https:\/\/www.franzjosefkaiser.com\/sk\/#\/schema\/person\/image\/\",\"url\":\"https:\/\/secure.gravatar.com\/avatar\/c4d9406ef83c90e4349f88e9644c24948c0bbec428d3de93aa14bfa69b1e1be5?s=96&d=mm&r=g\",\"contentUrl\":\"https:\/\/secure.gravatar.com\/avatar\/c4d9406ef83c90e4349f88e9644c24948c0bbec428d3de93aa14bfa69b1e1be5?s=96&d=mm&r=g\",\"caption\":\"FRANZ JOSEF KAISER\"}}]}<\/script>\n<!-- \/ Yoast SEO plugin. -->","yoast_head_json":{"title":"Franz Josef Kaiser sa neboj\u00ed \u017ei\u0165 naplno - FRANZ JOSEF KAISER","description":"Produkty Franz Josef Kaiser chutia skvele, \u010di u\u017e pripravujete pohostenie pre zn\u00e1mych alebo potrebujete desiatu na v\u00fdlet na bicykli.","robots":{"index":"index","follow":"follow","max-snippet":"max-snippet:-1","max-image-preview":"max-image-preview:large","max-video-preview":"max-video-preview:-1"},"canonical":"https:\/\/www.franzjosefkaiser.com\/sk\/franz-josef-kaiser-sa-neboji-zit-naplno\/","og_locale":"sk_SK","og_type":"article","og_title":"Franz Josef Kaiser sa neboj\u00ed \u017ei\u0165 naplno - FRANZ JOSEF KAISER","og_description":"Produkty Franz Josef Kaiser chutia skvele, \u010di u\u017e pripravujete pohostenie pre zn\u00e1mych alebo potrebujete desiatu na v\u00fdlet na bicykli.","og_url":"https:\/\/www.franzjosefkaiser.com\/sk\/franz-josef-kaiser-sa-neboji-zit-naplno\/","og_site_name":"FRANZ JOSEF KAISER","article_published_time":"2026-03-01T13:40:45+00:00","article_modified_time":"2026-03-10T08:09:06+00:00","og_image":[{"width":1200,"height":1200,"url":"https:\/\/www.franzjosefkaiser.com\/wp-content\/uploads\/2026\/03\/BB_SK_kolo_web_3.jpg","type":"image\/jpeg"}],"author":"FRANZ JOSEF KAISER","twitter_card":"summary_large_image","twitter_image":"https:\/\/www.franzjosefkaiser.com\/wp-content\/uploads\/2026\/03\/BB_SK_kolo_web_3.jpg","twitter_misc":{"Autor":"FRANZ JOSEF KAISER","Predpokladan\u00fd \u010das \u010d\u00edtania":"1 min\u00fata"},"schema":{"@context":"https:\/\/schema.org","@graph":[{"@type":"Article","@id":"https:\/\/www.franzjosefkaiser.com\/sk\/franz-josef-kaiser-sa-neboji-zit-naplno\/#article","isPartOf":{"@id":"https:\/\/www.franzjosefkaiser.com\/sk\/franz-josef-kaiser-sa-neboji-zit-naplno\/"},"author":{"name":"FRANZ JOSEF KAISER","@id":"https:\/\/www.franzjosefkaiser.com\/sk\/#\/schema\/person\/93d860210b56e4becf13b918428c54cb"},"headline":"Franz Josef Kaiser sa neboj\u00ed \u017ei\u0165 naplno","datePublished":"2026-03-01T13:40:45+00:00","dateModified":"2026-03-10T08:09:06+00:00","mainEntityOfPage":{"@id":"https:\/\/www.franzjosefkaiser.com\/sk\/franz-josef-kaiser-sa-neboji-zit-naplno\/"},"wordCount":206,"commentCount":0,"publisher":{"@id":"https:\/\/www.franzjosefkaiser.com\/sk\/#organization"},"articleSection":["Zdravie a v\u00fd\u017eiva"],"inLanguage":"sk-SK","potentialAction":[{"@type":"CommentAction","name":"Comment","target":["https:\/\/www.franzjosefkaiser.com\/sk\/franz-josef-kaiser-sa-neboji-zit-naplno\/#respond"]}]},{"@type":"WebPage","@id":"https:\/\/www.franzjosefkaiser.com\/sk\/franz-josef-kaiser-sa-neboji-zit-naplno\/","url":"https:\/\/www.franzjosefkaiser.com\/sk\/franz-josef-kaiser-sa-neboji-zit-naplno\/","name":"Franz Josef Kaiser sa neboj\u00ed \u017ei\u0165 naplno - FRANZ JOSEF KAISER","isPartOf":{"@id":"https:\/\/www.franzjosefkaiser.com\/sk\/#website"},"datePublished":"2026-03-01T13:40:45+00:00","dateModified":"2026-03-10T08:09:06+00:00","description":"Produkty Franz Josef Kaiser chutia skvele, \u010di u\u017e pripravujete pohostenie pre zn\u00e1mych alebo potrebujete desiatu na v\u00fdlet na bicykli.","breadcrumb":{"@id":"https:\/\/www.franzjosefkaiser.com\/sk\/franz-josef-kaiser-sa-neboji-zit-naplno\/#breadcrumb"},"inLanguage":"sk-SK","potentialAction":[{"@type":"ReadAction","target":["https:\/\/www.franzjosefkaiser.com\/sk\/franz-josef-kaiser-sa-neboji-zit-naplno\/"]}]},{"@type":"BreadcrumbList","@id":"https:\/\/www.franzjosefkaiser.com\/sk\/franz-josef-kaiser-sa-neboji-zit-naplno\/#breadcrumb","itemListElement":[{"@type":"ListItem","position":1,"name":"Dom\u016f","item":"https:\/\/www.franzjosefkaiser.com\/sk\/"},{"@type":"ListItem","position":2,"name":"Franz Josef Kaiser sa neboj\u00ed \u017ei\u0165 naplno"}]},{"@type":"WebSite","@id":"https:\/\/www.franzjosefkaiser.com\/sk\/#website","url":"https:\/\/www.franzjosefkaiser.com\/sk\/","name":"FRANZ JOSEF KAISER","description":"","publisher":{"@id":"https:\/\/www.franzjosefkaiser.com\/sk\/#organization"},"potentialAction":[{"@type":"SearchAction","target":{"@type":"EntryPoint","urlTemplate":"https:\/\/www.franzjosefkaiser.com\/sk\/?s={search_term_string}"},"query-input":{"@type":"PropertyValueSpecification","valueRequired":true,"valueName":"search_term_string"}}],"inLanguage":"sk-SK"},{"@type":"Organization","@id":"https:\/\/www.franzjosefkaiser.com\/sk\/#organization","name":"GASTON, s.r.o.","url":"https:\/\/www.franzjosefkaiser.com\/sk\/","logo":{"@type":"ImageObject","inLanguage":"sk-SK","@id":"https:\/\/www.franzjosefkaiser.com\/sk\/#\/schema\/logo\/image\/","url":"https:\/\/www.franzjosefkaiser.com\/wp-content\/uploads\/2019\/10\/fj_logo.png","contentUrl":"https:\/\/www.franzjosefkaiser.com\/wp-content\/uploads\/2019\/10\/fj_logo.png","width":770,"height":741,"caption":"GASTON, s.r.o."},"image":{"@id":"https:\/\/www.franzjosefkaiser.com\/sk\/#\/schema\/logo\/image\/"}},{"@type":"Person","@id":"https:\/\/www.franzjosefkaiser.com\/sk\/#\/schema\/person\/93d860210b56e4becf13b918428c54cb","name":"FRANZ JOSEF KAISER","image":{"@type":"ImageObject","inLanguage":"sk-SK","@id":"https:\/\/www.franzjosefkaiser.com\/sk\/#\/schema\/person\/image\/","url":"https:\/\/secure.gravatar.com\/avatar\/c4d9406ef83c90e4349f88e9644c24948c0bbec428d3de93aa14bfa69b1e1be5?s=96&d=mm&r=g","contentUrl":"https:\/\/secure.gravatar.com\/avatar\/c4d9406ef83c90e4349f88e9644c24948c0bbec428d3de93aa14bfa69b1e1be5?s=96&d=mm&r=g","caption":"FRANZ JOSEF KAISER"}}]}},"_links":{"self":[{"href":"https:\/\/www.franzjosefkaiser.com\/sk\/wp-json\/wp\/v2\/posts\/16991","targetHints":{"allow":["GET"]}}],"collection":[{"href":"https:\/\/www.franzjosefkaiser.com\/sk\/wp-json\/wp\/v2\/posts"}],"about":[{"href":"https:\/\/www.franzjosefkaiser.com\/sk\/wp-json\/wp\/v2\/types\/post"}],"author":[{"embeddable":true,"href":"https:\/\/www.franzjosefkaiser.com\/sk\/wp-json\/wp\/v2\/users\/4"}],"replies":[{"embeddable":true,"href":"https:\/\/www.franzjosefkaiser.com\/sk\/wp-json\/wp\/v2\/comments?post=16991"}],"version-history":[{"count":20,"href":"https:\/\/www.franzjosefkaiser.com\/sk\/wp-json\/wp\/v2\/posts\/16991\/revisions"}],"predecessor-version":[{"id":17013,"href":"https:\/\/www.franzjosefkaiser.com\/sk\/wp-json\/wp\/v2\/posts\/16991\/revisions\/17013"}],"wp:attachment":[{"href":"https:\/\/www.franzjosefkaiser.com\/sk\/wp-json\/wp\/v2\/media?parent=16991"}],"wp:term":[{"taxonomy":"category","embeddable":true,"href":"https:\/\/www.franzjosefkaiser.com\/sk\/wp-json\/wp\/v2\/categories?post=16991"},{"taxonomy":"post_tag","embeddable":true,"href":"https:\/\/www.franzjosefkaiser.com\/sk\/wp-json\/wp\/v2\/tags?post=16991"}],"curies":[{"name":"wp","href":"https:\/\/api.w.org\/{rel}","templated":true}]}}