{"id":7555,"date":"2021-10-30T13:17:09","date_gmt":"2021-10-30T11:17:09","guid":{"rendered":"https:\/\/www.franzjosefkaiser.com\/rajcata-plna-vitaminu-po-cely-rok\/"},"modified":"2021-10-30T13:33:56","modified_gmt":"2021-10-30T11:33:56","slug":"rajcata-plna-vitaminu-po-cely-rok","status":"publish","type":"post","link":"https:\/\/www.franzjosefkaiser.com\/sk\/rajcata-plna-vitaminu-po-cely-rok\/","title":{"rendered":"Paradajky pln\u00e9 vitam\u00ednov po cel\u00fd rok!"},"content":{"rendered":"\n<p>Rajsk\u00e9 jablko m\u00e1 bohat\u00fa hist\u00f3riu, ale aj ve\u013ekorys\u00fd obsah zdraviu prospe\u0161n\u00fdch l\u00e1tok. Lahodn\u00fa chu\u0165 paradajok si na\u0161\u0165astie m\u00f4\u017eeme dopria\u0165 po cel\u00fd rok. Ako to? \u010c\u00edtajte \u010falej&#8230; Nielen, \u017ee v\u00e1m prezrad\u00edme, kde paradajky z\u00edska\u0165, ale pon\u00fakneme v\u00e1m aj tipy, ako s nimi v kuchyni origin\u00e1lne nalo\u017ei\u0165!<\/p>\n\n\n\n<div style=\"height:30px\" aria-hidden=\"true\" class=\"wp-block-spacer\"><\/div>\n\n\n\n<h2 class=\"wp-block-heading\">Zradn\u00e9 jablko l\u00e1sky\n<\/h2>\n\n\n\n<p>Paradajka m\u00e1 za sebou ve\u013emi bohat\u00fa hist\u00f3riu. Do Eur\u00f3py ju priviezli moreplavci po objaven\u00ed Ameriky. Najprv sl\u00fa\u017eila paradajka jedl\u00e1 iba ako okrasn\u00e1 rastlina a na taniere sa dostala a\u017e po mnoh\u00fdch rokoch. Franc\u00fazsko, ktor\u00e9 je typick\u00e9 svojou romantickou atmosf\u00e9rou, mu dalo n\u00e1zov jablko l\u00e1sky. V talianskom herb\u00e1ri si vysl\u00fa\u017eilo n\u00e1zvy hne\u010f dva. Pre jeho \u00fa\u010dinky na zdravie ho pomenovali jablkom zlat\u00fdm, ale aj jedovat\u00fdm. Kyseliny obsiahnut\u00e9 v paradajke toti\u017e reagovali s c\u00ednov\u00fdm riadom bohat\u00fdch stravn\u00edkov a sp\u00f4sobovali im otravy. Za ich vinn\u00edka bola nespravodlivo ods\u00faden\u00e1 pr\u00e1ve paradajka.\n<\/p>\n\n\n\n<div style=\"height:30px\" aria-hidden=\"true\" class=\"wp-block-spacer\"><\/div>\n\n\n\n<div class=\"wp-block-image\"><figure class=\"aligncenter\"><img loading=\"lazy\" decoding=\"async\" width=\"1200\" height=\"675\" src=\"https:\/\/www.franzjosefkaiser.com\/wp-content\/uploads\/2021\/10\/guillaume-lobet-wSAFFv6efLQ-unsplash-1200x675.jpg\" alt=\"\" class=\"wp-image-7518\" srcset=\"https:\/\/www.franzjosefkaiser.com\/wp-content\/uploads\/2021\/10\/guillaume-lobet-wSAFFv6efLQ-unsplash-1200x675.jpg 1200w, https:\/\/www.franzjosefkaiser.com\/wp-content\/uploads\/2021\/10\/guillaume-lobet-wSAFFv6efLQ-unsplash-300x169.jpg 300w, https:\/\/www.franzjosefkaiser.com\/wp-content\/uploads\/2021\/10\/guillaume-lobet-wSAFFv6efLQ-unsplash-768x432.jpg 768w, https:\/\/www.franzjosefkaiser.com\/wp-content\/uploads\/2021\/10\/guillaume-lobet-wSAFFv6efLQ-unsplash-1024x576.jpg 1024w, https:\/\/www.franzjosefkaiser.com\/wp-content\/uploads\/2021\/10\/guillaume-lobet-wSAFFv6efLQ-unsplash-600x337.jpg 600w\" sizes=\"auto, (max-width: 1200px) 100vw, 1200px\" \/><\/figure><\/div>\n\n\n\n<div style=\"height:30px\" aria-hidden=\"true\" class=\"wp-block-spacer\"><\/div>\n\n\n\n<h2 class=\"wp-block-heading\">Ovocie alebo zelenina?\n<\/h2>\n\n\n\n<p>K ve\u013ekej hist\u00f3rii sa rad\u00ed aj dlhoro\u010dn\u00fd spor. Nielen vedci, ale aj kuch\u00e1ri si klad\u00fa ot\u00e1zku, \u010di je paradajka ovocie alebo zelenina. Dokonca sa o tom viedli s\u00fadne spory. A to hne\u010f dvakr\u00e1t v USA, kde ju rozsudok v roku 1893 aj 2015 zaradil medzi ovocie. Eur\u00f3psky parlament v roku 2011 dospel mimochodom k rovnak\u00e9mu z\u00e1veru. Pod\u013ea botanikov je toti\u017e paradajka plodom kvitn\u00facej rastliny, \u010do m\u00f4\u017ee by\u0165 jedine ovocie. Pre v\u00e4\u010d\u0161inu pestovate\u013eov a kuch\u00e1rov ale paradajka je a bude vzh\u013eadom na sp\u00f4sob vyu\u017eitia jednoducho zeleninou.\n<\/p>\n\n\n\n<div style=\"height:30px\" aria-hidden=\"true\" class=\"wp-block-spacer\"><\/div>\n\n\n\n<h2 class=\"wp-block-heading\">Rajsk\u00e9 jablko pln\u00e9 zdravia\n<\/h2>\n\n\n\n<p>Ur\u010dite nie je od veci spomen\u00fa\u0165, \u017ee semienka z paradajok s\u00fa vraj ve\u013emi \u00fa\u010dinn\u00fdm afrodiziakom. Vysok\u00fd obsah vitam\u00ednov A, E a C zase prispieva k zdraviu n\u00e1\u0161ho srdca aj k zn\u00ed\u017eeniu cholesterolu v krvi. Paradajky navy\u0161e dok\u00e1\u017eu chr\u00e1ni\u0165 n\u00e1\u0161 zrak, spoma\u013euj\u00fa starnutie pleti a posil\u0148uj\u00fa vlasy. Do svojho jed\u00e1lni\u010dka by sme ich preto ur\u010dite mali zara\u010fova\u0165 \u010do naj\u010dastej\u0161ie. Ako to ale urobi\u0165 v zime a na jar?\n<\/p>\n\n\n\n<div style=\"height:30px\" aria-hidden=\"true\" class=\"wp-block-spacer\"><\/div>\n\n\n\n<div class=\"wp-block-columns has-2-columns is-layout-flex wp-container-core-columns-is-layout-9d6595d7 wp-block-columns-is-layout-flex\">\n<div class=\"wp-block-column is-layout-flow wp-block-column-is-layout-flow\">\n<div class=\"wp-block-image\"><figure class=\"aligncenter is-resized\"><img loading=\"lazy\" decoding=\"async\" src=\"https:\/\/www.franzjosefkaiser.com\/wp-content\/uploads\/2019\/10\/Su\u00c1en\u2020-raj\u00fcata-210ml-FJK-467x600.png\" alt=\"\" class=\"wp-image-522\" width=\"220\" height=\"282\" srcset=\"https:\/\/www.franzjosefkaiser.com\/wp-content\/uploads\/2019\/10\/Su\u00c1en\u2020-raj\u00fcata-210ml-FJK-467x600.png 467w, https:\/\/www.franzjosefkaiser.com\/wp-content\/uploads\/2019\/10\/Su\u00c1en\u2020-raj\u00fcata-210ml-FJK-233x300.png 233w, https:\/\/www.franzjosefkaiser.com\/wp-content\/uploads\/2019\/10\/Su\u00c1en\u2020-raj\u00fcata-210ml-FJK-768x987.png 768w, https:\/\/www.franzjosefkaiser.com\/wp-content\/uploads\/2019\/10\/Su\u00c1en\u2020-raj\u00fcata-210ml-FJK-797x1024.png 797w, https:\/\/www.franzjosefkaiser.com\/wp-content\/uploads\/2019\/10\/Su\u00c1en\u2020-raj\u00fcata-210ml-FJK.png 827w\" sizes=\"auto, (max-width: 220px) 100vw, 220px\" \/><figcaption><a href=\"https:\/\/www.franzjosefkaiser.com\/sk\/produkty\/susena-rajcata-pulena-210ml\/\">Su\u0161en\u00e9 paradajky<\/a><\/figcaption><\/figure><\/div>\n<\/div>\n\n\n\n<div class=\"wp-block-column is-layout-flow wp-block-column-is-layout-flow\">\n<div class=\"wp-block-image\"><figure class=\"aligncenter is-resized\"><img loading=\"lazy\" decoding=\"async\" src=\"https:\/\/www.franzjosefkaiser.com\/wp-content\/uploads\/2021\/06\/Rajcata_susena_krajena-FJK_190.png\" alt=\"\" class=\"wp-image-5391\" width=\"251\" height=\"299\"\/><figcaption><a href=\"https:\/\/www.franzjosefkaiser.com\/sk\/produkty\/susena-rajcata-krajena-210ml\/\">Su\u0161en\u00e9 paradajky kr\u00e1jan\u00e9<\/a><\/figcaption><\/figure><\/div>\n<\/div>\n<\/div>\n\n\n\n<div style=\"height:30px\" aria-hidden=\"true\" class=\"wp-block-spacer\"><\/div>\n\n\n\n<h2 class=\"wp-block-heading\">Kde ich z\u00edska\u0165 v zime?\n<\/h2>\n\n\n\n<p>Jednoducho! Vysk\u00fa\u0161ajte su\u0161en\u00e9 paradajky. S\u00fa vynikaj\u00face, a hlavne, zachov\u00e1vaj\u00fa si svoj obsah vitam\u00ednov a \u010fal\u0161\u00edch zdraviu prospe\u0161n\u00fdch l\u00e1tok. V\u010faka zna\u010dke Franz Josef Kaiser m\u00f4\u017eete ma\u0165 pr\u00e9miov\u00e9 su\u0161en\u00e9 paradajky po ruke kedyko\u013evek a pou\u017ei\u0165 ich v niektorom z mnoh\u00fdch receptov. N\u00e1\u0161 tip? <a href=\"https:\/\/www.franzjosefkaiser.com\/cs\/recepty\/muffiny-plnene-uzenym-tunakem-a-susenymi-rajcaty\/\">Muffiny so su\u0161en\u00fdmi paradajkami a \u00faden\u00fdm tuniakom.<\/a><\/p>\n\n\n\n<div style=\"height:30px\" aria-hidden=\"true\" class=\"wp-block-spacer\"><\/div>\n\n\n\n<figure class=\"wp-block-image\"><img loading=\"lazy\" decoding=\"async\" width=\"1200\" height=\"824\" src=\"https:\/\/www.franzjosefkaiser.com\/wp-content\/uploads\/2019\/10\/muffin_1-1200x824.jpg\" alt=\"\" class=\"wp-image-1310\" srcset=\"https:\/\/www.franzjosefkaiser.com\/wp-content\/uploads\/2019\/10\/muffin_1-1200x824.jpg 1200w, https:\/\/www.franzjosefkaiser.com\/wp-content\/uploads\/2019\/10\/muffin_1-600x412.jpg 600w, https:\/\/www.franzjosefkaiser.com\/wp-content\/uploads\/2019\/10\/muffin_1-300x206.jpg 300w, https:\/\/www.franzjosefkaiser.com\/wp-content\/uploads\/2019\/10\/muffin_1-768x527.jpg 768w, https:\/\/www.franzjosefkaiser.com\/wp-content\/uploads\/2019\/10\/muffin_1-1024x703.jpg 1024w\" sizes=\"auto, (max-width: 1200px) 100vw, 1200px\" \/><\/figure>\n\n\n\n<div style=\"height:30px\" aria-hidden=\"true\" class=\"wp-block-spacer\"><\/div>\n\n\n\n<h2 class=\"wp-block-heading\">Trikol\u00f3ra na tanieri\n<\/h2>\n\n\n\n<p>Chcete \u0161al\u00e1t alebo cestoviny? Na talianske delikatesy nemus\u00edte jazdi\u0165 na juh. Posta\u010d\u00ed ma\u0165 v z\u00e1sobe su\u0161en\u00e9 paradajky Franz Josef Kaiser a prida\u0165 ich do ak\u00e9hoko\u013evek jedla, na ktor\u00e9 dostanete chu\u0165.\n<\/p>\n\n\n\n<p>Ak je va\u0161ou prioritou obed \u013eah\u0161\u00ed, stavte na \u0161al\u00e1t. \u013dadov\u00fd \u0161al\u00e1t pokvapkajte extra panensk\u00fdm olivov\u00fdm olejom, pridajte tuniakov\u00fd \u0161al\u00e1t fusilli a posypte su\u0161en\u00fdmi paradajkami.\n<\/p>\n\n\n\n<p>Chyst\u00e1te sa pripravova\u0165 cestoviny? Potom sa v\u00e1m aj v\u010faka zna\u010dke Franz Josef Kaiser pon\u00faka ve\u013ek\u00fd v\u00fdber. \u010ci u\u017e va\u0161a vo\u013eba padne na Spaghetti, Chifferi alebo Fusilli, su\u0161en\u00e9 paradajky a \u010derstv\u00e9 bylinky im dodaj\u00fa dokonal\u00fd stredomorsk\u00fd \u0161mrnc.\n<\/p>\n\n\n\n<div style=\"height:30px\" aria-hidden=\"true\" class=\"wp-block-spacer\"><\/div>\n\n\n\n<figure class=\"wp-block-image\"><img loading=\"lazy\" decoding=\"async\" width=\"1200\" height=\"800\" src=\"https:\/\/www.franzjosefkaiser.com\/wp-content\/uploads\/2021\/09\/obde-IMG_8664-1200x800.jpg\" alt=\"\" class=\"wp-image-6063\" srcset=\"https:\/\/www.franzjosefkaiser.com\/wp-content\/uploads\/2021\/09\/obde-IMG_8664-1200x800.jpg 1200w, https:\/\/www.franzjosefkaiser.com\/wp-content\/uploads\/2021\/09\/obde-IMG_8664-300x200.jpg 300w, https:\/\/www.franzjosefkaiser.com\/wp-content\/uploads\/2021\/09\/obde-IMG_8664-768x512.jpg 768w, https:\/\/www.franzjosefkaiser.com\/wp-content\/uploads\/2021\/09\/obde-IMG_8664-1024x683.jpg 1024w, https:\/\/www.franzjosefkaiser.com\/wp-content\/uploads\/2021\/09\/obde-IMG_8664-600x400.jpg 600w\" sizes=\"auto, (max-width: 1200px) 100vw, 1200px\" \/><figcaption><a href=\"https:\/\/www.franzjosefkaiser.com\/cs\/recepty\/penne-s-rajcatovym-pestem-a-tunakem-v-olivovem-oleji\/\">Penne s raj\u010datov\u00fdm pestem a tu\u0148\u00e1kem v olivov\u00e9m oleji<\/a><\/figcaption><\/figure>\n\n\n\n<div style=\"height:30px\" aria-hidden=\"true\" class=\"wp-block-spacer\"><\/div>\n\n\n\n<h2 class=\"wp-block-heading\">N\u00e1tierkov\u00e9 paradajky\n<\/h2>\n\n\n\n<p>Zo su\u0161en\u00fdch paradajok priprav\u00edte \u013eahko aj lahodn\u00fa n\u00e1tierku. V kombin\u00e1cii s fazu\u013eou a tvarohom v\u00fdborne zas\u00fdti, dod\u00e1 telu d\u00f4le\u017eit\u00e9 \u017eiviny, a navy\u0161e pote\u0161\u00ed aj va\u0161e chu\u0165ov\u00e9 poh\u00e1riky.\n<\/p>\n\n\n\n<p><em>Pripravte si:<\/em><\/p>\n\n\n\n<ul class=\"wp-block-list\"><li>150 g tvarohu<\/li><li>80 g \u010dervenej varenej fazule<\/li><li>40 g sladk\u00fdch su\u0161en\u00fdch paradajok<\/li><li>40 g cibule<\/li><li>1 str\u00fa\u010dik cesnaku<\/li><li>so\u013e a korenie pod\u013ea chuti<\/li><li>v\u00ednny ocot pod\u013ea chuti<\/li><li>l\u00edstky bazalky na ozdobu<\/li><\/ul>\n\n\n\n<p><em>Ako na to:<\/em><\/p>\n\n\n\n<p>Fazu\u013eu, paradajky, cibu\u013eu a cesnak rozmixujte dohladka. Do pripravenej zmesi primie\u0161ajte tvaroh, dochu\u0165te so\u013eou a koren\u00edm. Pod\u00e1vajte na pe\u010dive a ozdobte bazalkov\u00fdmi l\u00edstkami.<\/p>\n\n\n\n<div style=\"height:30px\" aria-hidden=\"true\" class=\"wp-block-spacer\"><\/div>\n\n\n\n<figure class=\"wp-block-image\"><img loading=\"lazy\" decoding=\"async\" width=\"1200\" height=\"794\" src=\"https:\/\/www.franzjosefkaiser.com\/wp-content\/uploads\/2021\/10\/zari_pomazanka_2-1-1200x794.jpg\" alt=\"\" class=\"wp-image-7530\" srcset=\"https:\/\/www.franzjosefkaiser.com\/wp-content\/uploads\/2021\/10\/zari_pomazanka_2-1-1200x794.jpg 1200w, https:\/\/www.franzjosefkaiser.com\/wp-content\/uploads\/2021\/10\/zari_pomazanka_2-1-300x199.jpg 300w, https:\/\/www.franzjosefkaiser.com\/wp-content\/uploads\/2021\/10\/zari_pomazanka_2-1-768x508.jpg 768w, https:\/\/www.franzjosefkaiser.com\/wp-content\/uploads\/2021\/10\/zari_pomazanka_2-1-1024x678.jpg 1024w, https:\/\/www.franzjosefkaiser.com\/wp-content\/uploads\/2021\/10\/zari_pomazanka_2-1-600x397.jpg 600w, https:\/\/www.franzjosefkaiser.com\/wp-content\/uploads\/2021\/10\/zari_pomazanka_2-1.jpg 1571w\" sizes=\"auto, (max-width: 1200px) 100vw, 1200px\" \/><\/figure>\n","protected":false},"excerpt":{"rendered":"<p>Rajsk\u00e9 jablko m\u00e1 bohat\u00fa hist\u00f3riu, ale aj ve\u013ekorys\u00fd obsah zdraviu prospe\u0161n\u00fdch l\u00e1tok. Lahodn\u00fa chu\u0165 paradajok si na\u0161\u0165astie m\u00f4\u017eeme dopria\u0165 po cel\u00fd rok. Ako to? \u010c\u00edtajte \u010falej&#8230; Nielen, \u017ee v\u00e1m prezrad\u00edme, kde paradajky z\u00edska\u0165, ale pon\u00fakneme v\u00e1m aj tipy, ako s nimi v kuchyni origin\u00e1lne nalo\u017ei\u0165! Zradn\u00e9 jablko l\u00e1sky Paradajka m\u00e1 za sebou ve\u013emi bohat\u00fa hist\u00f3riu. [&hellip;]<\/p>\n","protected":false},"author":4,"featured_media":0,"comment_status":"open","ping_status":"open","sticky":false,"template":"","format":"standard","meta":{"footnotes":""},"categories":[20],"tags":[],"class_list":["post-7555","post","type-post","status-publish","format-standard","hentry","category-tipy-sk"],"acf":[],"yoast_head":"<!-- This site is optimized with the Yoast SEO plugin v27.0 - https:\/\/yoast.com\/product\/yoast-seo-wordpress\/ -->\n<title>Paradajky pln\u00e9 vitam\u00ednov po cel\u00fd rok! - FRANZ JOSEF KAISER<\/title>\n<meta name=\"robots\" content=\"index, follow, max-snippet:-1, max-image-preview:large, max-video-preview:-1\" \/>\n<link rel=\"canonical\" href=\"https:\/\/www.franzjosefkaiser.com\/sk\/rajcata-plna-vitaminu-po-cely-rok\/\" \/>\n<meta property=\"og:locale\" content=\"sk_SK\" \/>\n<meta property=\"og:type\" content=\"article\" \/>\n<meta property=\"og:title\" content=\"Paradajky pln\u00e9 vitam\u00ednov po cel\u00fd rok! - FRANZ JOSEF KAISER\" \/>\n<meta property=\"og:description\" content=\"Rajsk\u00e9 jablko m\u00e1 bohat\u00fa hist\u00f3riu, ale aj ve\u013ekorys\u00fd obsah zdraviu prospe\u0161n\u00fdch l\u00e1tok. Lahodn\u00fa chu\u0165 paradajok si na\u0161\u0165astie m\u00f4\u017eeme dopria\u0165 po cel\u00fd rok. Ako to? \u010c\u00edtajte \u010falej&#8230; Nielen, \u017ee v\u00e1m prezrad\u00edme, kde paradajky z\u00edska\u0165, ale pon\u00fakneme v\u00e1m aj tipy, ako s nimi v kuchyni origin\u00e1lne nalo\u017ei\u0165! Zradn\u00e9 jablko l\u00e1sky Paradajka m\u00e1 za sebou ve\u013emi bohat\u00fa hist\u00f3riu. [&hellip;]\" \/>\n<meta property=\"og:url\" content=\"https:\/\/www.franzjosefkaiser.com\/sk\/rajcata-plna-vitaminu-po-cely-rok\/\" \/>\n<meta property=\"og:site_name\" content=\"FRANZ JOSEF KAISER\" \/>\n<meta property=\"article:published_time\" content=\"2021-10-30T11:17:09+00:00\" \/>\n<meta property=\"article:modified_time\" content=\"2021-10-30T11:33:56+00:00\" \/>\n<meta property=\"og:image\" content=\"https:\/\/www.franzjosefkaiser.com\/wp-content\/uploads\/2021\/10\/clay-banks-s-hw64ghWEA-unsplash-1200x799.jpg\" \/>\n<meta name=\"author\" content=\"FRANZ JOSEF KAISER\" \/>\n<meta name=\"twitter:card\" content=\"summary_large_image\" \/>\n<meta name=\"twitter:image\" content=\"https:\/\/www.franzjosefkaiser.com\/wp-content\/uploads\/2021\/10\/clay-banks-s-hw64ghWEA-unsplash-1200x799.jpg\" \/>\n<meta name=\"twitter:label1\" content=\"Autor\" \/>\n\t<meta name=\"twitter:data1\" content=\"FRANZ JOSEF KAISER\" \/>\n\t<meta name=\"twitter:label2\" content=\"Predpokladan\u00fd \u010das \u010d\u00edtania\" \/>\n\t<meta name=\"twitter:data2\" content=\"3 min\u00faty\" \/>\n<script type=\"application\/ld+json\" class=\"yoast-schema-graph\">{\"@context\":\"https:\/\/schema.org\",\"@graph\":[{\"@type\":\"Article\",\"@id\":\"https:\/\/www.franzjosefkaiser.com\/sk\/rajcata-plna-vitaminu-po-cely-rok\/#article\",\"isPartOf\":{\"@id\":\"https:\/\/www.franzjosefkaiser.com\/sk\/rajcata-plna-vitaminu-po-cely-rok\/\"},\"author\":{\"name\":\"FRANZ JOSEF KAISER\",\"@id\":\"https:\/\/www.franzjosefkaiser.com\/sk\/#\/schema\/person\/93d860210b56e4becf13b918428c54cb\"},\"headline\":\"Paradajky pln\u00e9 vitam\u00ednov po cel\u00fd rok!\",\"datePublished\":\"2021-10-30T11:17:09+00:00\",\"dateModified\":\"2021-10-30T11:33:56+00:00\",\"mainEntityOfPage\":{\"@id\":\"https:\/\/www.franzjosefkaiser.com\/sk\/rajcata-plna-vitaminu-po-cely-rok\/\"},\"wordCount\":701,\"commentCount\":0,\"publisher\":{\"@id\":\"https:\/\/www.franzjosefkaiser.com\/sk\/#organization\"},\"image\":{\"@id\":\"https:\/\/www.franzjosefkaiser.com\/sk\/rajcata-plna-vitaminu-po-cely-rok\/#primaryimage\"},\"thumbnailUrl\":\"https:\/\/www.franzjosefkaiser.com\/wp-content\/uploads\/2021\/10\/guillaume-lobet-wSAFFv6efLQ-unsplash-1200x675.jpg\",\"articleSection\":[\"Tipy\"],\"inLanguage\":\"sk-SK\",\"potentialAction\":[{\"@type\":\"CommentAction\",\"name\":\"Comment\",\"target\":[\"https:\/\/www.franzjosefkaiser.com\/sk\/rajcata-plna-vitaminu-po-cely-rok\/#respond\"]}]},{\"@type\":\"WebPage\",\"@id\":\"https:\/\/www.franzjosefkaiser.com\/sk\/rajcata-plna-vitaminu-po-cely-rok\/\",\"url\":\"https:\/\/www.franzjosefkaiser.com\/sk\/rajcata-plna-vitaminu-po-cely-rok\/\",\"name\":\"Paradajky pln\u00e9 vitam\u00ednov po cel\u00fd rok! - FRANZ JOSEF KAISER\",\"isPartOf\":{\"@id\":\"https:\/\/www.franzjosefkaiser.com\/sk\/#website\"},\"primaryImageOfPage\":{\"@id\":\"https:\/\/www.franzjosefkaiser.com\/sk\/rajcata-plna-vitaminu-po-cely-rok\/#primaryimage\"},\"image\":{\"@id\":\"https:\/\/www.franzjosefkaiser.com\/sk\/rajcata-plna-vitaminu-po-cely-rok\/#primaryimage\"},\"thumbnailUrl\":\"https:\/\/www.franzjosefkaiser.com\/wp-content\/uploads\/2021\/10\/guillaume-lobet-wSAFFv6efLQ-unsplash-1200x675.jpg\",\"datePublished\":\"2021-10-30T11:17:09+00:00\",\"dateModified\":\"2021-10-30T11:33:56+00:00\",\"breadcrumb\":{\"@id\":\"https:\/\/www.franzjosefkaiser.com\/sk\/rajcata-plna-vitaminu-po-cely-rok\/#breadcrumb\"},\"inLanguage\":\"sk-SK\",\"potentialAction\":[{\"@type\":\"ReadAction\",\"target\":[\"https:\/\/www.franzjosefkaiser.com\/sk\/rajcata-plna-vitaminu-po-cely-rok\/\"]}]},{\"@type\":\"ImageObject\",\"inLanguage\":\"sk-SK\",\"@id\":\"https:\/\/www.franzjosefkaiser.com\/sk\/rajcata-plna-vitaminu-po-cely-rok\/#primaryimage\",\"url\":\"https:\/\/www.franzjosefkaiser.com\/wp-content\/uploads\/2021\/10\/guillaume-lobet-wSAFFv6efLQ-unsplash-1200x675.jpg\",\"contentUrl\":\"https:\/\/www.franzjosefkaiser.com\/wp-content\/uploads\/2021\/10\/guillaume-lobet-wSAFFv6efLQ-unsplash-1200x675.jpg\"},{\"@type\":\"BreadcrumbList\",\"@id\":\"https:\/\/www.franzjosefkaiser.com\/sk\/rajcata-plna-vitaminu-po-cely-rok\/#breadcrumb\",\"itemListElement\":[{\"@type\":\"ListItem\",\"position\":1,\"name\":\"Dom\u016f\",\"item\":\"https:\/\/www.franzjosefkaiser.com\/sk\/\"},{\"@type\":\"ListItem\",\"position\":2,\"name\":\"Paradajky pln\u00e9 vitam\u00ednov po cel\u00fd rok!\"}]},{\"@type\":\"WebSite\",\"@id\":\"https:\/\/www.franzjosefkaiser.com\/sk\/#website\",\"url\":\"https:\/\/www.franzjosefkaiser.com\/sk\/\",\"name\":\"FRANZ JOSEF KAISER\",\"description\":\"\",\"publisher\":{\"@id\":\"https:\/\/www.franzjosefkaiser.com\/sk\/#organization\"},\"potentialAction\":[{\"@type\":\"SearchAction\",\"target\":{\"@type\":\"EntryPoint\",\"urlTemplate\":\"https:\/\/www.franzjosefkaiser.com\/sk\/?s={search_term_string}\"},\"query-input\":{\"@type\":\"PropertyValueSpecification\",\"valueRequired\":true,\"valueName\":\"search_term_string\"}}],\"inLanguage\":\"sk-SK\"},{\"@type\":\"Organization\",\"@id\":\"https:\/\/www.franzjosefkaiser.com\/sk\/#organization\",\"name\":\"GASTON, s.r.o.\",\"url\":\"https:\/\/www.franzjosefkaiser.com\/sk\/\",\"logo\":{\"@type\":\"ImageObject\",\"inLanguage\":\"sk-SK\",\"@id\":\"https:\/\/www.franzjosefkaiser.com\/sk\/#\/schema\/logo\/image\/\",\"url\":\"https:\/\/www.franzjosefkaiser.com\/wp-content\/uploads\/2019\/10\/fj_logo.png\",\"contentUrl\":\"https:\/\/www.franzjosefkaiser.com\/wp-content\/uploads\/2019\/10\/fj_logo.png\",\"width\":770,\"height\":741,\"caption\":\"GASTON, s.r.o.\"},\"image\":{\"@id\":\"https:\/\/www.franzjosefkaiser.com\/sk\/#\/schema\/logo\/image\/\"}},{\"@type\":\"Person\",\"@id\":\"https:\/\/www.franzjosefkaiser.com\/sk\/#\/schema\/person\/93d860210b56e4becf13b918428c54cb\",\"name\":\"FRANZ JOSEF KAISER\",\"image\":{\"@type\":\"ImageObject\",\"inLanguage\":\"sk-SK\",\"@id\":\"https:\/\/www.franzjosefkaiser.com\/sk\/#\/schema\/person\/image\/\",\"url\":\"https:\/\/secure.gravatar.com\/avatar\/c4d9406ef83c90e4349f88e9644c24948c0bbec428d3de93aa14bfa69b1e1be5?s=96&d=mm&r=g\",\"contentUrl\":\"https:\/\/secure.gravatar.com\/avatar\/c4d9406ef83c90e4349f88e9644c24948c0bbec428d3de93aa14bfa69b1e1be5?s=96&d=mm&r=g\",\"caption\":\"FRANZ JOSEF KAISER\"}}]}<\/script>\n<!-- \/ Yoast SEO plugin. -->","yoast_head_json":{"title":"Paradajky pln\u00e9 vitam\u00ednov po cel\u00fd rok! - FRANZ JOSEF KAISER","robots":{"index":"index","follow":"follow","max-snippet":"max-snippet:-1","max-image-preview":"max-image-preview:large","max-video-preview":"max-video-preview:-1"},"canonical":"https:\/\/www.franzjosefkaiser.com\/sk\/rajcata-plna-vitaminu-po-cely-rok\/","og_locale":"sk_SK","og_type":"article","og_title":"Paradajky pln\u00e9 vitam\u00ednov po cel\u00fd rok! - FRANZ JOSEF KAISER","og_description":"Rajsk\u00e9 jablko m\u00e1 bohat\u00fa hist\u00f3riu, ale aj ve\u013ekorys\u00fd obsah zdraviu prospe\u0161n\u00fdch l\u00e1tok. Lahodn\u00fa chu\u0165 paradajok si na\u0161\u0165astie m\u00f4\u017eeme dopria\u0165 po cel\u00fd rok. Ako to? \u010c\u00edtajte \u010falej&#8230; Nielen, \u017ee v\u00e1m prezrad\u00edme, kde paradajky z\u00edska\u0165, ale pon\u00fakneme v\u00e1m aj tipy, ako s nimi v kuchyni origin\u00e1lne nalo\u017ei\u0165! Zradn\u00e9 jablko l\u00e1sky Paradajka m\u00e1 za sebou ve\u013emi bohat\u00fa hist\u00f3riu. [&hellip;]","og_url":"https:\/\/www.franzjosefkaiser.com\/sk\/rajcata-plna-vitaminu-po-cely-rok\/","og_site_name":"FRANZ JOSEF KAISER","article_published_time":"2021-10-30T11:17:09+00:00","article_modified_time":"2021-10-30T11:33:56+00:00","og_image":[{"url":"https:\/\/www.franzjosefkaiser.com\/wp-content\/uploads\/2021\/10\/clay-banks-s-hw64ghWEA-unsplash-1200x799.jpg","type":"","width":"","height":""}],"author":"FRANZ JOSEF KAISER","twitter_card":"summary_large_image","twitter_image":"https:\/\/www.franzjosefkaiser.com\/wp-content\/uploads\/2021\/10\/clay-banks-s-hw64ghWEA-unsplash-1200x799.jpg","twitter_misc":{"Autor":"FRANZ JOSEF KAISER","Predpokladan\u00fd \u010das \u010d\u00edtania":"3 min\u00faty"},"schema":{"@context":"https:\/\/schema.org","@graph":[{"@type":"Article","@id":"https:\/\/www.franzjosefkaiser.com\/sk\/rajcata-plna-vitaminu-po-cely-rok\/#article","isPartOf":{"@id":"https:\/\/www.franzjosefkaiser.com\/sk\/rajcata-plna-vitaminu-po-cely-rok\/"},"author":{"name":"FRANZ JOSEF KAISER","@id":"https:\/\/www.franzjosefkaiser.com\/sk\/#\/schema\/person\/93d860210b56e4becf13b918428c54cb"},"headline":"Paradajky pln\u00e9 vitam\u00ednov po cel\u00fd rok!","datePublished":"2021-10-30T11:17:09+00:00","dateModified":"2021-10-30T11:33:56+00:00","mainEntityOfPage":{"@id":"https:\/\/www.franzjosefkaiser.com\/sk\/rajcata-plna-vitaminu-po-cely-rok\/"},"wordCount":701,"commentCount":0,"publisher":{"@id":"https:\/\/www.franzjosefkaiser.com\/sk\/#organization"},"image":{"@id":"https:\/\/www.franzjosefkaiser.com\/sk\/rajcata-plna-vitaminu-po-cely-rok\/#primaryimage"},"thumbnailUrl":"https:\/\/www.franzjosefkaiser.com\/wp-content\/uploads\/2021\/10\/guillaume-lobet-wSAFFv6efLQ-unsplash-1200x675.jpg","articleSection":["Tipy"],"inLanguage":"sk-SK","potentialAction":[{"@type":"CommentAction","name":"Comment","target":["https:\/\/www.franzjosefkaiser.com\/sk\/rajcata-plna-vitaminu-po-cely-rok\/#respond"]}]},{"@type":"WebPage","@id":"https:\/\/www.franzjosefkaiser.com\/sk\/rajcata-plna-vitaminu-po-cely-rok\/","url":"https:\/\/www.franzjosefkaiser.com\/sk\/rajcata-plna-vitaminu-po-cely-rok\/","name":"Paradajky pln\u00e9 vitam\u00ednov po cel\u00fd rok! - FRANZ JOSEF KAISER","isPartOf":{"@id":"https:\/\/www.franzjosefkaiser.com\/sk\/#website"},"primaryImageOfPage":{"@id":"https:\/\/www.franzjosefkaiser.com\/sk\/rajcata-plna-vitaminu-po-cely-rok\/#primaryimage"},"image":{"@id":"https:\/\/www.franzjosefkaiser.com\/sk\/rajcata-plna-vitaminu-po-cely-rok\/#primaryimage"},"thumbnailUrl":"https:\/\/www.franzjosefkaiser.com\/wp-content\/uploads\/2021\/10\/guillaume-lobet-wSAFFv6efLQ-unsplash-1200x675.jpg","datePublished":"2021-10-30T11:17:09+00:00","dateModified":"2021-10-30T11:33:56+00:00","breadcrumb":{"@id":"https:\/\/www.franzjosefkaiser.com\/sk\/rajcata-plna-vitaminu-po-cely-rok\/#breadcrumb"},"inLanguage":"sk-SK","potentialAction":[{"@type":"ReadAction","target":["https:\/\/www.franzjosefkaiser.com\/sk\/rajcata-plna-vitaminu-po-cely-rok\/"]}]},{"@type":"ImageObject","inLanguage":"sk-SK","@id":"https:\/\/www.franzjosefkaiser.com\/sk\/rajcata-plna-vitaminu-po-cely-rok\/#primaryimage","url":"https:\/\/www.franzjosefkaiser.com\/wp-content\/uploads\/2021\/10\/guillaume-lobet-wSAFFv6efLQ-unsplash-1200x675.jpg","contentUrl":"https:\/\/www.franzjosefkaiser.com\/wp-content\/uploads\/2021\/10\/guillaume-lobet-wSAFFv6efLQ-unsplash-1200x675.jpg"},{"@type":"BreadcrumbList","@id":"https:\/\/www.franzjosefkaiser.com\/sk\/rajcata-plna-vitaminu-po-cely-rok\/#breadcrumb","itemListElement":[{"@type":"ListItem","position":1,"name":"Dom\u016f","item":"https:\/\/www.franzjosefkaiser.com\/sk\/"},{"@type":"ListItem","position":2,"name":"Paradajky pln\u00e9 vitam\u00ednov po cel\u00fd rok!"}]},{"@type":"WebSite","@id":"https:\/\/www.franzjosefkaiser.com\/sk\/#website","url":"https:\/\/www.franzjosefkaiser.com\/sk\/","name":"FRANZ JOSEF KAISER","description":"","publisher":{"@id":"https:\/\/www.franzjosefkaiser.com\/sk\/#organization"},"potentialAction":[{"@type":"SearchAction","target":{"@type":"EntryPoint","urlTemplate":"https:\/\/www.franzjosefkaiser.com\/sk\/?s={search_term_string}"},"query-input":{"@type":"PropertyValueSpecification","valueRequired":true,"valueName":"search_term_string"}}],"inLanguage":"sk-SK"},{"@type":"Organization","@id":"https:\/\/www.franzjosefkaiser.com\/sk\/#organization","name":"GASTON, s.r.o.","url":"https:\/\/www.franzjosefkaiser.com\/sk\/","logo":{"@type":"ImageObject","inLanguage":"sk-SK","@id":"https:\/\/www.franzjosefkaiser.com\/sk\/#\/schema\/logo\/image\/","url":"https:\/\/www.franzjosefkaiser.com\/wp-content\/uploads\/2019\/10\/fj_logo.png","contentUrl":"https:\/\/www.franzjosefkaiser.com\/wp-content\/uploads\/2019\/10\/fj_logo.png","width":770,"height":741,"caption":"GASTON, s.r.o."},"image":{"@id":"https:\/\/www.franzjosefkaiser.com\/sk\/#\/schema\/logo\/image\/"}},{"@type":"Person","@id":"https:\/\/www.franzjosefkaiser.com\/sk\/#\/schema\/person\/93d860210b56e4becf13b918428c54cb","name":"FRANZ JOSEF KAISER","image":{"@type":"ImageObject","inLanguage":"sk-SK","@id":"https:\/\/www.franzjosefkaiser.com\/sk\/#\/schema\/person\/image\/","url":"https:\/\/secure.gravatar.com\/avatar\/c4d9406ef83c90e4349f88e9644c24948c0bbec428d3de93aa14bfa69b1e1be5?s=96&d=mm&r=g","contentUrl":"https:\/\/secure.gravatar.com\/avatar\/c4d9406ef83c90e4349f88e9644c24948c0bbec428d3de93aa14bfa69b1e1be5?s=96&d=mm&r=g","caption":"FRANZ JOSEF KAISER"}}]}},"_links":{"self":[{"href":"https:\/\/www.franzjosefkaiser.com\/sk\/wp-json\/wp\/v2\/posts\/7555","targetHints":{"allow":["GET"]}}],"collection":[{"href":"https:\/\/www.franzjosefkaiser.com\/sk\/wp-json\/wp\/v2\/posts"}],"about":[{"href":"https:\/\/www.franzjosefkaiser.com\/sk\/wp-json\/wp\/v2\/types\/post"}],"author":[{"embeddable":true,"href":"https:\/\/www.franzjosefkaiser.com\/sk\/wp-json\/wp\/v2\/users\/4"}],"replies":[{"embeddable":true,"href":"https:\/\/www.franzjosefkaiser.com\/sk\/wp-json\/wp\/v2\/comments?post=7555"}],"version-history":[{"count":1,"href":"https:\/\/www.franzjosefkaiser.com\/sk\/wp-json\/wp\/v2\/posts\/7555\/revisions"}],"predecessor-version":[{"id":7556,"href":"https:\/\/www.franzjosefkaiser.com\/sk\/wp-json\/wp\/v2\/posts\/7555\/revisions\/7556"}],"wp:attachment":[{"href":"https:\/\/www.franzjosefkaiser.com\/sk\/wp-json\/wp\/v2\/media?parent=7555"}],"wp:term":[{"taxonomy":"category","embeddable":true,"href":"https:\/\/www.franzjosefkaiser.com\/sk\/wp-json\/wp\/v2\/categories?post=7555"},{"taxonomy":"post_tag","embeddable":true,"href":"https:\/\/www.franzjosefkaiser.com\/sk\/wp-json\/wp\/v2\/tags?post=7555"}],"curies":[{"name":"wp","href":"https:\/\/api.w.org\/{rel}","templated":true}]}}